{"id":170099,"date":"2023-04-24T18:30:00","date_gmt":"2023-04-24T23:30:00","guid":{"rendered":"https:\/\/visionpeninsular.com\/mid\/?p=170099"},"modified":"2023-04-24T20:07:56","modified_gmt":"2023-04-25T01:07:56","slug":"amlo-tiene-una-gripita-adan-augusto","status":"publish","type":"post","link":"https:\/\/visionpeninsular.com\/mid\/amlo-tiene-una-gripita-adan-augusto\/","title":{"rendered":"\u201cAMLO tiene una gripita\u201d; Ad\u00e1n Augusto"},"content":{"rendered":"\n<p>Presidencia niega hospitalizaci\u00f3n del Presidente de M\u00e9xico, &#8220;se recupera en Palacio&#8221;, afirma titular de Segob.<\/p>\n\n\n\n<p>M\u00e9rida, Yucat\u00e1n a 24 de abril de 2023 (redacci\u00f3n).- El secretario de Gobernaci\u00f3n, Ad\u00e1n Augusto L\u00f3pez Hern\u00e1ndez, rechaz\u00f3 las versiones de que el Presidente de M\u00e9xico, Andr\u00e9s Manuel L\u00f3pez Obrador se encuentre hospitalizado o grave, luego de suspender su gira por Yucat\u00e1n por problemas de salud.<\/p>\n\n\n\n<p>El funcionario de la 4T sostuvo que se encuentra en Palacio Nacional bajo supervisi\u00f3n m\u00e9dica, tras dar positivo a covid19 por tercera ocasi\u00f3n.<\/p>\n\n\n\n<p>El segundo al mando del Gobierno de M\u00e9xico, se\u00f1al\u00f3 que esperan en un par de d\u00edas ya pueda reincorporarse a las conferencias ma\u00f1aneras, que por ahora \u00e9l, junto con otros funcionarios del gabinete federal, estar\u00e1n encabezando para informar al pueblo de M\u00e9xico.<\/p>\n\n\n\n<p>\u201cEl se\u00f1or Presidente se encuentra en aislamiento y bajo tratamiento m\u00e9dico, recuper\u00e1ndose. Esperamos que, en los pr\u00f3ximos d\u00edas, dos, tres d\u00edas m\u00e1s, pueda ya estar aqu\u00ed presente, en las conferencias de prensa. En tanto, nos ha encargado que estemos muy al pendiente de la agenda, de que atendamos los compromisos que hab\u00edan sido agendados con anterioridad y en este caso que estemos que estemos al frente de la conferencia de prensa\u201d.<\/p>\n\n\n\n<p>L\u00f3pez Hern\u00e1ndez revel\u00f3 que desde el s\u00e1bado en la noche, el Presidente L\u00f3pez Obrador comenz\u00f3 con s\u00edntomas de resfriado, por lo que le practicaron pruebas tanto de covid, como de influenza. El domingo se confirm\u00f3 que ten\u00eda coronavirus.<\/p>\n\n\n\n<p>Rechaz\u00f3 tambi\u00e9n, que AMLO se haya desvanecido como informaran medios de comunicaci\u00f3n de Yucat\u00e1n, as\u00ed como un posible infarto. Tambi\u00e9n neg\u00f3 las versiones que refieren, el primer mandatario mexicano, haya sido trasladado de emergencia a la capital del pa\u00eds.<\/p>\n\n\n\n<p>\u201cNo hubo ni un traslado de emergencia, no hubo ning\u00fan desvanecimiento, como algunos han pretendido hacer creer. Lo que s\u00ed se dio, instrucci\u00f3n para que las reuniones de evaluaci\u00f3n del \u00faltimo tramo del Tren Maya se llevaran a cabo -sin el Presidente-.<\/p>\n\n\n\n<p>Y por sugerencia de los m\u00e9dicos y ante la eventualidad de que pudiese ser COVID, se decidi\u00f3 que iniciara un proceso de aislamiento y se traslad\u00f3 a la Ciudad de M\u00e9xico.<\/p>\n\n\n\n<p>Por \u00faltimo, mencion\u00f3 que L\u00f3pez Obrador se mantiene al frente del pa\u00eds y tendr\u00e1 todos los medicamentos que requiera a su alcance para su pronta recuperaci\u00f3n.<\/p>\n\n\n\n<p>&#8220;El presidente est\u00e1 al frente de todos los asuntos del pa\u00eds, est\u00e1 en permanente comunicaci\u00f3n con quienes tenemos diversas tareas de gobierno, y en cuanto ya tenga un diagn\u00f3stico positivo se reincorporar\u00e1 a las actividades cotidianas&#8221;.<\/p>\n\n\n\n<p>Como se sabe, en M\u00e9rida los rumores sobre un nuevo infarto del Presidente AMLO, cobraron mayor fuerza durante la tarde del domingo, mientras el vocero de Presidencia, Jes\u00fas Ram\u00edrez negaba la suspensi\u00f3n de la visita presidencial.<\/p>\n<div class='share-to-whatsapp-wrapper'><div class='share-on-whsp'>Share on: <\/div><a data-text='\u201cAMLO tiene una gripita\u201d; Ad\u00e1n Augusto' data-link='https:\/\/visionpeninsular.com\/mid\/amlo-tiene-una-gripita-adan-augusto\/' class='whatsapp-button whatsapp-share'>WhatsApp<\/a><div class='clear '><\/div><\/div>","protected":false},"excerpt":{"rendered":"<p>Presidencia niega hospitalizaci\u00f3n del Presidente de M\u00e9xico, &#8220;se recupera en Palacio&#8221;, afirma titular de Segob. M\u00e9rida, Yucat\u00e1n a 24 de abril de 2023 (redacci\u00f3n).- El secretario de Gobernaci\u00f3n, Ad\u00e1n Augusto L\u00f3pez Hern\u00e1ndez, rechaz\u00f3 las versiones de que el Presidente de M\u00e9xico, Andr\u00e9s Manuel L\u00f3pez Obrador se encuentre hospitalizado o grave, luego de suspender su gira &hellip;<\/p>\n","protected":false},"author":12,"featured_media":170106,"comment_status":"open","ping_status":"open","sticky":false,"template":"","format":"standard","meta":{"_mi_skip_tracking":false},"categories":[49,37],"tags":[36117,36119,22117,107,36118,11798],"_links":{"self":[{"href":"https:\/\/visionpeninsular.com\/mid\/wp-json\/wp\/v2\/posts\/170099"}],"collection":[{"href":"https:\/\/visionpeninsular.com\/mid\/wp-json\/wp\/v2\/posts"}],"about":[{"href":"https:\/\/visionpeninsular.com\/mid\/wp-json\/wp\/v2\/types\/post"}],"author":[{"embeddable":true,"href":"https:\/\/visionpeninsular.com\/mid\/wp-json\/wp\/v2\/users\/12"}],"replies":[{"embeddable":true,"href":"https:\/\/visionpeninsular.com\/mid\/wp-json\/wp\/v2\/comments?post=170099"}],"version-history":[{"count":3,"href":"https:\/\/visionpeninsular.com\/mid\/wp-json\/wp\/v2\/posts\/170099\/revisions"}],"predecessor-version":[{"id":170107,"href":"https:\/\/visionpeninsular.com\/mid\/wp-json\/wp\/v2\/posts\/170099\/revisions\/170107"}],"wp:featuredmedia":[{"embeddable":true,"href":"https:\/\/visionpeninsular.com\/mid\/wp-json\/wp\/v2\/media\/170106"}],"wp:attachment":[{"href":"https:\/\/visionpeninsular.com\/mid\/wp-json\/wp\/v2\/media?parent=170099"}],"wp:term":[{"taxonomy":"category","embeddable":true,"href":"https:\/\/visionpeninsular.com\/mid\/wp-json\/wp\/v2\/categories?post=170099"},{"taxonomy":"post_tag","embeddable":true,"href":"https:\/\/visionpeninsular.com\/mid\/wp-json\/wp\/v2\/tags?post=170099"}],"curies":[{"name":"wp","href":"https:\/\/api.w.org\/{rel}","templated":true}]}}