{"id":17003,"date":"2016-11-18T19:53:57","date_gmt":"2016-11-19T01:53:57","guid":{"rendered":"http:\/\/visionpeninsular.com\/mid\/?p=17003"},"modified":"2016-11-21T13:44:36","modified_gmt":"2016-11-21T19:44:36","slug":"prision-preventiva-a-tatuador-intentar-violar-a-menor-discapacitada-en-xmatkuil","status":"publish","type":"post","link":"https:\/\/visionpeninsular.com\/mid\/prision-preventiva-a-tatuador-intentar-violar-a-menor-discapacitada-en-xmatkuil\/","title":{"rendered":"Prisi\u00f3n preventiva a tatuador por intentar violar a menor discapacitada en Xmatkuil"},"content":{"rendered":"<p>-La Fiscal\u00eda General del Estado (FGE) formul\u00f3 la imputaci\u00f3n en contra de Orlando Ismael M.D. por su presunta participaci\u00f3n en el delito de violaci\u00f3n en grado de tentativa, tras los hechos ocurridos el pasado 15 de noviembre en el interior del recinto de la feria Xmatkuil y que fueron denunciados por la v\u00edctima de identidad reservada.<\/p>\n<p>Despu\u00e9s de escuchar los datos de prueba presentados por la Fiscal\u00eda, el Juez Primero de Control del Centro de Justicia Oral de M\u00e9rida (CEJOM) estableci\u00f3 la medida cautelar de prisi\u00f3n preventiva oficiosa hasta la audiencia de vinculaci\u00f3n a proceso, misma que qued\u00f3 programada para el pr\u00f3ximo 22 de noviembre.<\/p>\n<p>De acuerdo con la informaci\u00f3n reunida en la carpeta correspondiente de la causa penal 170\/2016, los hechos ocurrieron  a un costado de un local habilitado para realizar tatuajes, localizado  en la avenida principal del recinto ferial, donde el indiciado se coloc\u00f3 a un lado de la v\u00edctima, quien tiene discapacidad auditiva y visual y presuntamente intent\u00f3 cometer el delito.<\/p>\n<p>Y si bien fue detenido y comprobada la denuncia de la v\u00edctima puesto que hubo PENETRACION, PERO para los &#8220;t\u00e9cnicos forenses&#8221; AL NO HABER EYACULACION, solo es &#8220;INTENTO DE VIOLACION&#8221;; lo que resulta ABSURDO, y deber\u00e1n aplicarle a los t\u00e9cnicos un curso, tal vez pr\u00e1ctico, sobre lo que es una VIOLACI\u00d3N, ademas con los agravantes de que la v\u00edctima es una MENOR de edad y SORDOMUDA!<\/p>\n<div class='share-to-whatsapp-wrapper'><div class='share-on-whsp'>Share on: <\/div><a data-text='Prisi\u00f3n preventiva a tatuador por intentar violar a menor discapacitada en Xmatkuil' data-link='https:\/\/visionpeninsular.com\/mid\/prision-preventiva-a-tatuador-intentar-violar-a-menor-discapacitada-en-xmatkuil\/' class='whatsapp-button whatsapp-share'>WhatsApp<\/a><div class='clear '><\/div><\/div>","protected":false},"excerpt":{"rendered":"<p>-La Fiscal\u00eda General del Estado (FGE) formul\u00f3 la imputaci\u00f3n en contra de Orlando Ismael M.D. por su presunta participaci\u00f3n en el delito de violaci\u00f3n en grado de tentativa, tras los hechos ocurridos el pasado 15 de noviembre en el interior del recinto de la feria Xmatkuil y que fueron denunciados por la v\u00edctima de identidad &hellip;<\/p>\n","protected":false},"author":5,"featured_media":17004,"comment_status":"open","ping_status":"open","sticky":false,"template":"","format":"standard","meta":{"_mi_skip_tracking":false},"categories":[50],"tags":[3078,1160,453],"_links":{"self":[{"href":"https:\/\/visionpeninsular.com\/mid\/wp-json\/wp\/v2\/posts\/17003"}],"collection":[{"href":"https:\/\/visionpeninsular.com\/mid\/wp-json\/wp\/v2\/posts"}],"about":[{"href":"https:\/\/visionpeninsular.com\/mid\/wp-json\/wp\/v2\/types\/post"}],"author":[{"embeddable":true,"href":"https:\/\/visionpeninsular.com\/mid\/wp-json\/wp\/v2\/users\/5"}],"replies":[{"embeddable":true,"href":"https:\/\/visionpeninsular.com\/mid\/wp-json\/wp\/v2\/comments?post=17003"}],"version-history":[{"count":3,"href":"https:\/\/visionpeninsular.com\/mid\/wp-json\/wp\/v2\/posts\/17003\/revisions"}],"predecessor-version":[{"id":17128,"href":"https:\/\/visionpeninsular.com\/mid\/wp-json\/wp\/v2\/posts\/17003\/revisions\/17128"}],"wp:featuredmedia":[{"embeddable":true,"href":"https:\/\/visionpeninsular.com\/mid\/wp-json\/wp\/v2\/media\/17004"}],"wp:attachment":[{"href":"https:\/\/visionpeninsular.com\/mid\/wp-json\/wp\/v2\/media?parent=17003"}],"wp:term":[{"taxonomy":"category","embeddable":true,"href":"https:\/\/visionpeninsular.com\/mid\/wp-json\/wp\/v2\/categories?post=17003"},{"taxonomy":"post_tag","embeddable":true,"href":"https:\/\/visionpeninsular.com\/mid\/wp-json\/wp\/v2\/tags?post=17003"}],"curies":[{"name":"wp","href":"https:\/\/api.w.org\/{rel}","templated":true}]}}