{"id":169782,"date":"2023-04-17T21:29:20","date_gmt":"2023-04-18T02:29:20","guid":{"rendered":"https:\/\/visionpeninsular.com\/mid\/?p=169782"},"modified":"2023-04-17T21:29:21","modified_gmt":"2023-04-18T02:29:21","slug":"el-diputado-rommel-pacheco-es-poco-etico-al-adjudicarse-la-ley-3-de-3","status":"publish","type":"post","link":"https:\/\/visionpeninsular.com\/mid\/el-diputado-rommel-pacheco-es-poco-etico-al-adjudicarse-la-ley-3-de-3\/","title":{"rendered":"El diputado Rommel Pacheco es poco \u00e9tico al adjudicarse la \u201cLey 3 de 3\u201d"},"content":{"rendered":"\n<h2 class=\"has-text-align-center\">\u2022La doctora Ligia Vera Gamboa se\u00f1al\u00f3 que esa propuesta surgi\u00f3 de la sociedad civil organizada, y en Yucat\u00e1n, Mar\u00eda Eugenia N\u00fa\u00f1ez Zapata fue la promovente<\/h2>\n\n\n\n<p>M\u00e9rida, Yucat\u00e1n, a 17 de abril de 2023.\u2013 La acci\u00f3n del diputado federal Rommel Pacheco de adjudicarse como promovente de la iniciativa \u201cLey 3 de 3 contra la violencia\u201d tiene varias lectura. La primera, aprovecharse de un hecho in\u00e9dito en M\u00e9xico para usarlo para su carrera pol\u00edtica en 2024, opin\u00f3 la doctora Ligia Vera Gamboa, activista y una de las promoventes de la propuesta en Yucat\u00e1n.<\/p>\n\n\n\n<p>\u00abOtra lectura pudiera ser la invisibilizaci\u00f3n. Las feministas lo propusieron, pero quienes votamos los hombres y las mujeres de las C\u00e1maras. Me parece poco \u00e9tico decir: \u201cYo fui quien aval\u00f3 esto\u201d o \u201cYo estuve desde el principio\u00bb, se\u00f1al\u00f3 la entrevistada.<\/p>\n\n\n\n<p>La tambi\u00e9n activista por los derechos pol\u00edticos y sexuales de las mujeres record\u00f3 que la \u201c3 de 3\u201d surgi\u00f3 de la Sociedad Civil Organizada. En Yucat\u00e1n, la promotora fue Mar\u00eda Eugenia N\u00fa\u00f1ez Zapata, coordinadora de la Agenda de Mujeres por la Igualdad Sustantiva en Yucat\u00e1n (AMISY), con el apoyo de Las Constituyentes MX, de Ciudad de M\u00e9xico.<\/p>\n\n\n\n<p>Cuando la iniciativa fue presentada en el Congreso del Estado, las diputadas de todos los partidos pol\u00edticos, en un principio, fueron quienes le dieron eco; posteriormente algunos diputados lo que permiti\u00f3 su aprobaci\u00f3n por unanimidad el pasado 31 de mayo de 2022 lo que represent\u00f3 un parteaguas el resto del pa\u00eds.<\/p>\n\n\n\n<p>\u00abEn ese sentido, en ning\u00fan momento el diputado Rommel Pacheco hizo alguna declaraci\u00f3n o al menos durante el proceso\u2026 Eso que se quiera adjudicar el hecho, me parece muy arriesgado para su credibilidad\u00bb, consider\u00f3 la doctora Vera Gamboa.<\/p>\n\n\n\n<figure class=\"wp-block-image size-large\"><img loading=\"lazy\" width=\"1024\" height=\"618\" src=\"https:\/\/visionpeninsular.com\/mid\/wp-content\/uploads\/2023\/04\/20230417_152225-1024x618.jpg\" alt=\"\" class=\"wp-image-169784\" srcset=\"https:\/\/visionpeninsular.com\/mid\/wp-content\/uploads\/2023\/04\/20230417_152225-1024x618.jpg 1024w, https:\/\/visionpeninsular.com\/mid\/wp-content\/uploads\/2023\/04\/20230417_152225-300x181.jpg 300w, https:\/\/visionpeninsular.com\/mid\/wp-content\/uploads\/2023\/04\/20230417_152225-768x463.jpg 768w, https:\/\/visionpeninsular.com\/mid\/wp-content\/uploads\/2023\/04\/20230417_152225.jpg 1160w\" sizes=\"(max-width: 1024px) 100vw, 1024px\" \/><figcaption>Yndira Sandoval y Mar\u00eda Eugenia N\u00fa\u00f1ez Zapata, coordinadora de la Agenda de Mujeres por la Igualdad Sustantiva en Yucat\u00e1n (AMISY), en el Congreso del Estado cuando socializaron la iniciativa \u201cLey 3 de 3 contra la violencia de g\u00e9nero\u201d para limpiar el poder p\u00fablico de violentadores, acosadores y deudores alimentarios (CR\u00c9DITO: Cortes\u00eda) <\/figcaption><\/figure>\n\n\n\n<figure class=\"wp-block-image\"><img \/><\/figure>\n<div class='share-to-whatsapp-wrapper'><div class='share-on-whsp'>Share on: <\/div><a data-text='El diputado Rommel Pacheco es poco \u00e9tico al adjudicarse la \u201cLey 3 de 3\u201d' data-link='https:\/\/visionpeninsular.com\/mid\/el-diputado-rommel-pacheco-es-poco-etico-al-adjudicarse-la-ley-3-de-3\/' class='whatsapp-button whatsapp-share'>WhatsApp<\/a><div class='clear '><\/div><\/div>","protected":false},"excerpt":{"rendered":"<p>\u2022La doctora Ligia Vera Gamboa se\u00f1al\u00f3 que esa propuesta surgi\u00f3 de la sociedad civil organizada, y en Yucat\u00e1n, Mar\u00eda Eugenia N\u00fa\u00f1ez Zapata fue la promovente M\u00e9rida, Yucat\u00e1n, a 17 de abril de 2023.\u2013 La acci\u00f3n del diputado federal Rommel Pacheco de adjudicarse como promovente de la iniciativa \u201cLey 3 de 3 contra la violencia\u201d tiene &hellip;<\/p>\n","protected":false},"author":11,"featured_media":169784,"comment_status":"open","ping_status":"open","sticky":false,"template":"","format":"standard","meta":{"_mi_skip_tracking":false},"categories":[49,37],"tags":[25049,26344,31043,28395,26347,26343],"_links":{"self":[{"href":"https:\/\/visionpeninsular.com\/mid\/wp-json\/wp\/v2\/posts\/169782"}],"collection":[{"href":"https:\/\/visionpeninsular.com\/mid\/wp-json\/wp\/v2\/posts"}],"about":[{"href":"https:\/\/visionpeninsular.com\/mid\/wp-json\/wp\/v2\/types\/post"}],"author":[{"embeddable":true,"href":"https:\/\/visionpeninsular.com\/mid\/wp-json\/wp\/v2\/users\/11"}],"replies":[{"embeddable":true,"href":"https:\/\/visionpeninsular.com\/mid\/wp-json\/wp\/v2\/comments?post=169782"}],"version-history":[{"count":1,"href":"https:\/\/visionpeninsular.com\/mid\/wp-json\/wp\/v2\/posts\/169782\/revisions"}],"predecessor-version":[{"id":169785,"href":"https:\/\/visionpeninsular.com\/mid\/wp-json\/wp\/v2\/posts\/169782\/revisions\/169785"}],"wp:featuredmedia":[{"embeddable":true,"href":"https:\/\/visionpeninsular.com\/mid\/wp-json\/wp\/v2\/media\/169784"}],"wp:attachment":[{"href":"https:\/\/visionpeninsular.com\/mid\/wp-json\/wp\/v2\/media?parent=169782"}],"wp:term":[{"taxonomy":"category","embeddable":true,"href":"https:\/\/visionpeninsular.com\/mid\/wp-json\/wp\/v2\/categories?post=169782"},{"taxonomy":"post_tag","embeddable":true,"href":"https:\/\/visionpeninsular.com\/mid\/wp-json\/wp\/v2\/tags?post=169782"}],"curies":[{"name":"wp","href":"https:\/\/api.w.org\/{rel}","templated":true}]}}