{"id":169724,"date":"2023-04-15T14:41:25","date_gmt":"2023-04-15T19:41:25","guid":{"rendered":"https:\/\/visionpeninsular.com\/mid\/?p=169724"},"modified":"2023-04-15T14:41:26","modified_gmt":"2023-04-15T19:41:26","slug":"rommel-pacheco-es-un-oportunista-por-adjudicarse-como-promotor-de-la-ley-3-de-3","status":"publish","type":"post","link":"https:\/\/visionpeninsular.com\/mid\/rommel-pacheco-es-un-oportunista-por-adjudicarse-como-promotor-de-la-ley-3-de-3\/","title":{"rendered":"Rommel Pacheco es un oportunista por adjudicarse c\u00f3mo promotor de la Ley 3 de 3"},"content":{"rendered":"\n<h2 class=\"has-text-align-center\">\u2022La iniciativa de limpiar al poder p\u00fablico de los abusadores y violentadores surgi\u00f3 de las colectivas feministas que, a su vez, cabildearon con las legisladoras de diferentes bancadas en la C\u00e1mara de Diputados<\/h2>\n\n\n\n<p>M\u00e9rida, Yucat\u00e1n, a 15 de abril de 2023.\u2013 Mar\u00eda Eugenia N\u00fa\u00f1ez Zapata, coordinadora estatal de la Agenda de Mujeres por la Igualdad Sustantiva en Yucat\u00e1n (AMISY), calific\u00f3 de oportunista la acci\u00f3n del diputado federal panista por el Distrito 3, Rommel Pacheco Marrufo, al ostentarse como promovente de la iniciativa \u201cLey 3 de 3 contra la violencia de g\u00e9nero\u201d cuando ni siquiera mostr\u00f3 el m\u00ednimo inter\u00e9s de conocerla y la propuesta surgi\u00f3 de las colectivas feministas y activistas como la doctora Patricia Olamendi Torres e Yndira Sandoval.<\/p>\n\n\n\n<p>La propuesta fue cabildeada por Todas MX, Las Constituyentes y Nosotras Tenemos Otros Datos, desde hace poco m\u00e1s de un a\u00f1o, con diputadas de distintas fracciones parlamentarias, record\u00f3.<\/p>\n\n\n\n<p>\u00abA m\u00ed me sorprendi\u00f3 mucho y la verdad es que \u00e9l solo pidi\u00f3 a la diputada Federal Cecilia Patr\u00f3n acompa\u00f1arla en la presentaci\u00f3n. Pero una cosa es presentar algo que ya est\u00e1 hecho en tu estado y otra autonombrarte promotor, sin tenerle el m\u00ednimo de los respetos por las feministas que si trabajaron y difundieron la Ley hasta aprobarse en Yucat\u00e1n\u00bb, expres\u00f3 la entrevista.<\/p>\n\n\n\n<p>Rommel Pacheco nunca tuvo un acercamiento con integrantes de AMISY, promotora o promovente de la Ley 3 de 3 en Yucat\u00e1n, que en este caso fueron las diputadas locales Carmen Gonz\u00e1lez Mart\u00edn y Vida G\u00f3mez Herrera, del PAN y MC, respectivamente.<\/p>\n\n\n\n<p>\u00abSi este joven se la est\u00e1 adjudicando pues no s\u00e9 de donde lo saca, o con quien la trabaj\u00f3, como es que la promovi\u00f3, que an\u00e1lisis o gestiones hizo, en qu\u00e9 foros particip\u00f3\u00bb, cuestion\u00f3.<\/p>\n\n\n\n<figure class=\"wp-block-image size-large\"><img loading=\"lazy\" width=\"768\" height=\"1024\" src=\"https:\/\/visionpeninsular.com\/mid\/wp-content\/uploads\/2023\/04\/20230415_133736-768x1024.jpg\" alt=\"\" class=\"wp-image-169726\" srcset=\"https:\/\/visionpeninsular.com\/mid\/wp-content\/uploads\/2023\/04\/20230415_133736-768x1024.jpg 768w, https:\/\/visionpeninsular.com\/mid\/wp-content\/uploads\/2023\/04\/20230415_133736-225x300.jpg 225w, https:\/\/visionpeninsular.com\/mid\/wp-content\/uploads\/2023\/04\/20230415_133736-1152x1536.jpg 1152w, https:\/\/visionpeninsular.com\/mid\/wp-content\/uploads\/2023\/04\/20230415_133736.jpg 1200w\" sizes=\"(max-width: 768px) 100vw, 768px\" \/><figcaption>El diputado federal panista Rommel Pacheco Marrufo, del Distrito 3, se colg\u00f3 una medalla en la que no tienen m\u00e9ritos como es la Ley 3 de 3 contra la violencia (CR\u00c9DITO: Twitter)<\/figcaption><\/figure>\n\n\n\n<p><\/p>\n<div class='share-to-whatsapp-wrapper'><div class='share-on-whsp'>Share on: <\/div><a data-text='Rommel Pacheco es un oportunista por adjudicarse c\u00f3mo promotor de la Ley 3 de 3' data-link='https:\/\/visionpeninsular.com\/mid\/rommel-pacheco-es-un-oportunista-por-adjudicarse-como-promotor-de-la-ley-3-de-3\/' class='whatsapp-button whatsapp-share'>WhatsApp<\/a><div class='clear '><\/div><\/div>","protected":false},"excerpt":{"rendered":"<p>\u2022La iniciativa de limpiar al poder p\u00fablico de los abusadores y violentadores surgi\u00f3 de las colectivas feministas que, a su vez, cabildearon con las legisladoras de diferentes bancadas en la C\u00e1mara de Diputados M\u00e9rida, Yucat\u00e1n, a 15 de abril de 2023.\u2013 Mar\u00eda Eugenia N\u00fa\u00f1ez Zapata, coordinadora estatal de la Agenda de Mujeres por la Igualdad &hellip;<\/p>\n","protected":false},"author":11,"featured_media":169726,"comment_status":"open","ping_status":"open","sticky":false,"template":"","format":"standard","meta":{"_mi_skip_tracking":false},"categories":[49,37],"tags":[12920,31228,26344,32399,26526,31233,33430],"_links":{"self":[{"href":"https:\/\/visionpeninsular.com\/mid\/wp-json\/wp\/v2\/posts\/169724"}],"collection":[{"href":"https:\/\/visionpeninsular.com\/mid\/wp-json\/wp\/v2\/posts"}],"about":[{"href":"https:\/\/visionpeninsular.com\/mid\/wp-json\/wp\/v2\/types\/post"}],"author":[{"embeddable":true,"href":"https:\/\/visionpeninsular.com\/mid\/wp-json\/wp\/v2\/users\/11"}],"replies":[{"embeddable":true,"href":"https:\/\/visionpeninsular.com\/mid\/wp-json\/wp\/v2\/comments?post=169724"}],"version-history":[{"count":1,"href":"https:\/\/visionpeninsular.com\/mid\/wp-json\/wp\/v2\/posts\/169724\/revisions"}],"predecessor-version":[{"id":169727,"href":"https:\/\/visionpeninsular.com\/mid\/wp-json\/wp\/v2\/posts\/169724\/revisions\/169727"}],"wp:featuredmedia":[{"embeddable":true,"href":"https:\/\/visionpeninsular.com\/mid\/wp-json\/wp\/v2\/media\/169726"}],"wp:attachment":[{"href":"https:\/\/visionpeninsular.com\/mid\/wp-json\/wp\/v2\/media?parent=169724"}],"wp:term":[{"taxonomy":"category","embeddable":true,"href":"https:\/\/visionpeninsular.com\/mid\/wp-json\/wp\/v2\/categories?post=169724"},{"taxonomy":"post_tag","embeddable":true,"href":"https:\/\/visionpeninsular.com\/mid\/wp-json\/wp\/v2\/tags?post=169724"}],"curies":[{"name":"wp","href":"https:\/\/api.w.org\/{rel}","templated":true}]}}