{"id":169652,"date":"2023-04-14T11:30:21","date_gmt":"2023-04-14T16:30:21","guid":{"rendered":"https:\/\/visionpeninsular.com\/mid\/?p=169652"},"modified":"2023-04-14T11:30:22","modified_gmt":"2023-04-14T16:30:22","slug":"detenido-por-el-homicidio-de-un-empresario-robo-el-movil","status":"publish","type":"post","link":"https:\/\/visionpeninsular.com\/mid\/detenido-por-el-homicidio-de-un-empresario-robo-el-movil\/","title":{"rendered":"Detenido por el homicidio de un empresario; robo, el m\u00f3vil"},"content":{"rendered":"\n<p>Se ejecut\u00f3 la orden de aprehensi\u00f3n contra Luis Javier S. R., de 26 a\u00f1os, acusado de participar en el homicidio del empresario C.R.S.S., cuyo cuerpo fue hallado el pasado domingo 2 de abril en una carretera del municipio de Motul.<\/p>\n\n\n\n<p>Las pruebas obtenidas por elementos de la Secretar\u00eda de Seguridad P\u00fablica (SSP) adscritos a la Polic\u00eda Estatal de Investigaci\u00f3n (PEI), en coordinaci\u00f3n con la Fiscal\u00eda General del Estado (FGE), permiten establecer que el sujeto particip\u00f3 de manera directa en el crimen.<\/p>\n\n\n\n<p>Como se ha informado, el m\u00f3vil fue el robo y se descarta plenamente cualquier relaci\u00f3n de los hechos con actos de delincuencia organizada.<\/p>\n\n\n\n<p>Al empresario un ex empleado le llam\u00f3 por tel\u00e9fono, lo cit\u00f3 bajo enga\u00f1os en la carretera M\u00e9rida-Motul a la altura de una f\u00e1brica de espejos; ah\u00ed fue sometido y llevado a otro punto cercano en donde fue privado de la vida con un arma de fuego calibre .22.<\/p>\n\n\n\n<p>Los agentes y fiscales investigadores aportaron los datos de prueba con base en los cuales un Juez de Control libr\u00f3 la orden de aprehensi\u00f3n contra el mencionado sujeto.<\/p>\n<div class='share-to-whatsapp-wrapper'><div class='share-on-whsp'>Share on: <\/div><a data-text='Detenido por el homicidio de un empresario; robo, el m\u00f3vil' data-link='https:\/\/visionpeninsular.com\/mid\/detenido-por-el-homicidio-de-un-empresario-robo-el-movil\/' class='whatsapp-button whatsapp-share'>WhatsApp<\/a><div class='clear '><\/div><\/div>","protected":false},"excerpt":{"rendered":"<p>Se ejecut\u00f3 la orden de aprehensi\u00f3n contra Luis Javier S. R., de 26 a\u00f1os, acusado de participar en el homicidio del empresario C.R.S.S., cuyo cuerpo fue hallado el pasado domingo 2 de abril en una carretera del municipio de Motul. Las pruebas obtenidas por elementos de la Secretar\u00eda de Seguridad P\u00fablica (SSP) adscritos a la &hellip;<\/p>\n","protected":false},"author":5,"featured_media":148137,"comment_status":"open","ping_status":"open","sticky":false,"template":"","format":"standard","meta":{"_mi_skip_tracking":false},"categories":[50,37],"tags":[35967,666,3428,752],"_links":{"self":[{"href":"https:\/\/visionpeninsular.com\/mid\/wp-json\/wp\/v2\/posts\/169652"}],"collection":[{"href":"https:\/\/visionpeninsular.com\/mid\/wp-json\/wp\/v2\/posts"}],"about":[{"href":"https:\/\/visionpeninsular.com\/mid\/wp-json\/wp\/v2\/types\/post"}],"author":[{"embeddable":true,"href":"https:\/\/visionpeninsular.com\/mid\/wp-json\/wp\/v2\/users\/5"}],"replies":[{"embeddable":true,"href":"https:\/\/visionpeninsular.com\/mid\/wp-json\/wp\/v2\/comments?post=169652"}],"version-history":[{"count":1,"href":"https:\/\/visionpeninsular.com\/mid\/wp-json\/wp\/v2\/posts\/169652\/revisions"}],"predecessor-version":[{"id":169654,"href":"https:\/\/visionpeninsular.com\/mid\/wp-json\/wp\/v2\/posts\/169652\/revisions\/169654"}],"wp:featuredmedia":[{"embeddable":true,"href":"https:\/\/visionpeninsular.com\/mid\/wp-json\/wp\/v2\/media\/148137"}],"wp:attachment":[{"href":"https:\/\/visionpeninsular.com\/mid\/wp-json\/wp\/v2\/media?parent=169652"}],"wp:term":[{"taxonomy":"category","embeddable":true,"href":"https:\/\/visionpeninsular.com\/mid\/wp-json\/wp\/v2\/categories?post=169652"},{"taxonomy":"post_tag","embeddable":true,"href":"https:\/\/visionpeninsular.com\/mid\/wp-json\/wp\/v2\/tags?post=169652"}],"curies":[{"name":"wp","href":"https:\/\/api.w.org\/{rel}","templated":true}]}}