{"id":169519,"date":"2023-04-12T10:40:36","date_gmt":"2023-04-12T15:40:36","guid":{"rendered":"https:\/\/visionpeninsular.com\/mid\/?p=169519"},"modified":"2023-04-12T10:40:37","modified_gmt":"2023-04-12T15:40:37","slug":"comienza-la-apertura-paulatina-del-teatro-jose-peon-contreras","status":"publish","type":"post","link":"https:\/\/visionpeninsular.com\/mid\/comienza-la-apertura-paulatina-del-teatro-jose-peon-contreras\/","title":{"rendered":"Comienza la apertura paulatina del  teatro Jos\u00e9 Pe\u00f3n Contreras"},"content":{"rendered":"\n<p>M\u00e9rida, Yucat\u00e1n; 11 de abril de 2023.- Empieza la apertura paulatina del teatro Jos\u00e9 Pe\u00f3n Contreras, el cual se incendi\u00f3 a finales del a\u00f1o pasado.<\/p>\n\n\n\n<p>El delegado del Instituto Nacional de Antropolog\u00eda e Historia (INAH) en Yucat\u00e1n, Arturo Chan C\u00e1rdenas, inform\u00f3 que la primera fase concluy\u00f3 con el retorno de actividad en las galer\u00edas, en lo que se trabaja en la segunda fase de rescate.<\/p>\n\n\n\n<p>\u00abEstamos por iniciar la segunda etapa que son acciones de restauraci\u00f3n y conservaci\u00f3n en el lobby del acceso central del teatro Pe\u00f3n Contreras. El gran sal\u00f3n, ser\u00eda la \u00faltima etapa que es lo m\u00e1s complicado por la altura que tiene el mural de las musas\u00bb, explic\u00f3.<\/p>\n\n\n\n<p>Se\u00f1al\u00f3 que en este trabajo estar\u00e1n interviniendo especialistas del INAH, en coordinaci\u00f3n con el gobierno estatal, quien apoyar\u00e1 con estudios en la parte estructural del edificio, a trav\u00e9s de la Secretar\u00eda de Obras P\u00fablicas (SOP).<\/p>\n\n\n\n<p>La intenci\u00f3n de las autoridades es que este a\u00f1o se tenga la reactivaci\u00f3n del gran sal\u00f3n y la vuelta de actividades del teatro, una vez que concluyan los trabajos de intervenci\u00f3n en este sitio.<\/p>\n<div class='share-to-whatsapp-wrapper'><div class='share-on-whsp'>Share on: <\/div><a data-text='Comienza la apertura paulatina del  teatro Jos\u00e9 Pe\u00f3n Contreras' data-link='https:\/\/visionpeninsular.com\/mid\/comienza-la-apertura-paulatina-del-teatro-jose-peon-contreras\/' class='whatsapp-button whatsapp-share'>WhatsApp<\/a><div class='clear '><\/div><\/div>","protected":false},"excerpt":{"rendered":"<p>M\u00e9rida, Yucat\u00e1n; 11 de abril de 2023.- Empieza la apertura paulatina del teatro Jos\u00e9 Pe\u00f3n Contreras, el cual se incendi\u00f3 a finales del a\u00f1o pasado. El delegado del Instituto Nacional de Antropolog\u00eda e Historia (INAH) en Yucat\u00e1n, Arturo Chan C\u00e1rdenas, inform\u00f3 que la primera fase concluy\u00f3 con el retorno de actividad en las galer\u00edas, en &hellip;<\/p>\n","protected":false},"author":5,"featured_media":169521,"comment_status":"open","ping_status":"open","sticky":false,"template":"","format":"standard","meta":{"_mi_skip_tracking":false},"categories":[50,37],"tags":[185,1306,35914,35913],"_links":{"self":[{"href":"https:\/\/visionpeninsular.com\/mid\/wp-json\/wp\/v2\/posts\/169519"}],"collection":[{"href":"https:\/\/visionpeninsular.com\/mid\/wp-json\/wp\/v2\/posts"}],"about":[{"href":"https:\/\/visionpeninsular.com\/mid\/wp-json\/wp\/v2\/types\/post"}],"author":[{"embeddable":true,"href":"https:\/\/visionpeninsular.com\/mid\/wp-json\/wp\/v2\/users\/5"}],"replies":[{"embeddable":true,"href":"https:\/\/visionpeninsular.com\/mid\/wp-json\/wp\/v2\/comments?post=169519"}],"version-history":[{"count":1,"href":"https:\/\/visionpeninsular.com\/mid\/wp-json\/wp\/v2\/posts\/169519\/revisions"}],"predecessor-version":[{"id":169522,"href":"https:\/\/visionpeninsular.com\/mid\/wp-json\/wp\/v2\/posts\/169519\/revisions\/169522"}],"wp:featuredmedia":[{"embeddable":true,"href":"https:\/\/visionpeninsular.com\/mid\/wp-json\/wp\/v2\/media\/169521"}],"wp:attachment":[{"href":"https:\/\/visionpeninsular.com\/mid\/wp-json\/wp\/v2\/media?parent=169519"}],"wp:term":[{"taxonomy":"category","embeddable":true,"href":"https:\/\/visionpeninsular.com\/mid\/wp-json\/wp\/v2\/categories?post=169519"},{"taxonomy":"post_tag","embeddable":true,"href":"https:\/\/visionpeninsular.com\/mid\/wp-json\/wp\/v2\/tags?post=169519"}],"curies":[{"name":"wp","href":"https:\/\/api.w.org\/{rel}","templated":true}]}}