{"id":169419,"date":"2023-04-10T11:18:25","date_gmt":"2023-04-10T16:18:25","guid":{"rendered":"https:\/\/visionpeninsular.com\/mid\/?p=169419"},"modified":"2023-04-10T11:18:50","modified_gmt":"2023-04-10T16:18:50","slug":"renan-barrera-atrae-mas-empresas-e-inversion-al-municipio","status":"publish","type":"post","link":"https:\/\/visionpeninsular.com\/mid\/renan-barrera-atrae-mas-empresas-e-inversion-al-municipio\/","title":{"rendered":"Ren\u00e1n Barrera atrae m\u00e1s empresas e inversi\u00f3n al Municipio"},"content":{"rendered":"\n<ul><li><strong><em>El Presidente Municipal se re\u00fane con empresarios del Grupo Ferrara para exponer las ventajas competitivas que tiene M\u00e9rida.<\/em><\/strong><\/li><\/ul>\n\n\n\n<p>M\u00e9rida, Yucat\u00e1n a 8 de abril de 2023.- Como Ayuntamiento tenemos el firme compromiso de seguir generando y fomentado la inversi\u00f3n al ofrecer las condiciones necesarias para hacerlo y as\u00ed continuar avanzando con el desarrollo econ\u00f3mico del Municipio, el cual ampl\u00eda las oportunidades, m\u00e1s empleos y bienestar para las familias, dijo el Alcalde Ren\u00e1n Barrera Concha.<\/p>\n\n\n\n<p>\u201cEn M\u00e9rida estamos trabajando en generar las condiciones necesarias para que el Municipio se vuelva m\u00e1s atractivo para inversionistas de todo tipo, porque vivimos en una ciudad donde impulsamos el crecimiento equitativo para todas y todos, donde crecemos parejo y con justicia social\u201d, se\u00f1al\u00f3.<\/p>\n\n\n\n<p>En ese sentido, el Presidente Municipal tuvo una reuni\u00f3n con los integrantes del Grupo Farrera, una de las empresas m\u00e1s grandes del sureste mexicano, con sede en el estado de Chiapas, la cual comprende dos divisiones distribuidoras: la automotriz que abarca autos, lubricantes y autopartes y la divisi\u00f3n turismo que comprende hoteles y restaurantes.<\/p>\n\n\n\n<figure class=\"wp-block-image size-large\"><img loading=\"lazy\" width=\"1024\" height=\"682\" src=\"https:\/\/visionpeninsular.com\/mid\/wp-content\/uploads\/2023\/04\/inversion-04-08-at-2.01.51-PM-1024x682.jpeg\" alt=\"\" class=\"wp-image-169422\" srcset=\"https:\/\/visionpeninsular.com\/mid\/wp-content\/uploads\/2023\/04\/inversion-04-08-at-2.01.51-PM-1024x682.jpeg 1024w, https:\/\/visionpeninsular.com\/mid\/wp-content\/uploads\/2023\/04\/inversion-04-08-at-2.01.51-PM-300x200.jpeg 300w, https:\/\/visionpeninsular.com\/mid\/wp-content\/uploads\/2023\/04\/inversion-04-08-at-2.01.51-PM-768x512.jpeg 768w, https:\/\/visionpeninsular.com\/mid\/wp-content\/uploads\/2023\/04\/inversion-04-08-at-2.01.51-PM-310x205.jpeg 310w, https:\/\/visionpeninsular.com\/mid\/wp-content\/uploads\/2023\/04\/inversion-04-08-at-2.01.51-PM.jpeg 1280w\" sizes=\"(max-width: 1024px) 100vw, 1024px\" \/><\/figure>\n\n\n\n<p>Barrera Concha indic\u00f3 que el crecimiento econ\u00f3mico del Municipio es resultado de m\u00faltiples factores en los que gobierno estatal y municipal trabajan de la mano con la iniciativa privada para no s\u00f3lo mantener, sino aumentar las inversiones econ\u00f3micas en la entidad.<\/p>\n\n\n\n<p>\u201cNuestro compromiso con el bienestar de las y los yucatecos es promover a M\u00e9rida y Yucat\u00e1n, junto con el Gobierno Estatal, dentro y fuera de nuestras fronteras, as\u00ed como el impulso municipal por crear las mejores condiciones de inversi\u00f3n, las cuales da como resultado que la entidad se posicionen cada vez mejor en el plano econ\u00f3mico del pa\u00eds\u201d, dijo.<\/p>\n\n\n\n<p>Esto es reflejo de ese equipo, abund\u00f3, que hemos hecho empresarios, autoridades estatales y municipales para mejorar las condiciones de vida de todas y de todos, para crecer parejo y que nadie se quede fuera de estos beneficios.<\/p>\n\n\n\n<p>El Alcalde expuso que M\u00e9rida ha refrendado su posici\u00f3n entre las 10 ciudades, con m\u00e1s de un mill\u00f3n de habitantes, con mejor competitividad urbana de acuerdo con el IMCO. Adem\u00e1s, que el Estado tambi\u00e9n se ubica entre las 10 entidades con mayor \u00edndice de competitividad estatal, lo cual habla de la capacidad para generar, atraer y retener talento e inversiones entre M\u00e9rida y Yucat\u00e1n.<\/p>\n\n\n\n<p>\u201cEjemplo de esto es que el Municipio cuenta hoy d\u00eda con un total de 365 tr\u00e1mites y servicios, de los cuales 123 se encuentran 100% en l\u00ednea. Esto representa ahorro de tiempo y recursos, es decir, agiliza los procesos para beneficio de la ciudadan\u00eda y los inversionistas a trav\u00e9s de la simplificaci\u00f3n administrativa\u201d, indic\u00f3.<\/p>\n\n\n\n<p>De igual manera recalc\u00f3 que el a\u00f1o pasado en el Registro Municipal de Tr\u00e1mites y Servicios (REMTyS) se recibieron 900 mil visitas, en su mayor\u00eda de M\u00e9xico, pero tambi\u00e9n de pa\u00edses como Estados Unidos, Canad\u00e1, Argentina, China, Espa\u00f1a y Per\u00fa.<\/p>\n\n\n\n<p>\u201cAunado a estos seguimos avanzando en colaboraci\u00f3n con el gobierno del Estado en la construcci\u00f3n de la Ventanilla Digital de Inversiones, que vincula los tr\u00e1mites municipales y estatales para la apertura de empresas o establecimientos mediante tr\u00e1mites y servicios homologados\u201d, apunt\u00f3.<\/p>\n\n\n\n<figure class=\"wp-block-image size-large\"><img loading=\"lazy\" width=\"1024\" height=\"682\" src=\"https:\/\/visionpeninsular.com\/mid\/wp-content\/uploads\/2023\/04\/Inversion-2023-04-08-at-2.01.51-PM-1-1024x682.jpeg\" alt=\"\" class=\"wp-image-169423\" srcset=\"https:\/\/visionpeninsular.com\/mid\/wp-content\/uploads\/2023\/04\/Inversion-2023-04-08-at-2.01.51-PM-1-1024x682.jpeg 1024w, https:\/\/visionpeninsular.com\/mid\/wp-content\/uploads\/2023\/04\/Inversion-2023-04-08-at-2.01.51-PM-1-300x200.jpeg 300w, https:\/\/visionpeninsular.com\/mid\/wp-content\/uploads\/2023\/04\/Inversion-2023-04-08-at-2.01.51-PM-1-768x512.jpeg 768w, https:\/\/visionpeninsular.com\/mid\/wp-content\/uploads\/2023\/04\/Inversion-2023-04-08-at-2.01.51-PM-1-310x205.jpeg 310w, https:\/\/visionpeninsular.com\/mid\/wp-content\/uploads\/2023\/04\/Inversion-2023-04-08-at-2.01.51-PM-1.jpeg 1280w\" sizes=\"(max-width: 1024px) 100vw, 1024px\" \/><\/figure>\n\n\n\n<p>El Presidente Municipal indic\u00f3 que a todas estas condiciones se suma la inversi\u00f3n nacional y extranjera que llega atra\u00edda por las condiciones de paz social que encuentran en Yucat\u00e1n y especialmente en M\u00e9rida.<\/p>\n\n\n\n<p>\u201cDato muy importante es que las empresas que se han instalado en M\u00e9rida lo hacen atra\u00eddas por las condiciones de seguridad que se viven en el Municipio, ambiente que hemos construido de la mano de la ciudadan\u00eda\u201d, finaliz\u00f3.<\/p>\n\n\n\n<p>En la reuni\u00f3n estuvieron presentes Mario Mart\u00ednez Laviada, oficial Mayor; Fernando V\u00e1zquez Farrera, director de la Divisi\u00f3n Automotriz de Grupo Farrera; Juan Ram\u00edrez Huerta, director general de Construcci\u00f3n; Juan Carlos Gu\u00edzar Couti\u00f1o, director Regional de Divisi\u00f3n Automotriz y Carlos Estrella Escalante, Asesor del grupo Farrera.<\/p>\n<div class='share-to-whatsapp-wrapper'><div class='share-on-whsp'>Share on: <\/div><a data-text='Ren\u00e1n Barrera atrae m\u00e1s empresas e inversi\u00f3n al Municipio' data-link='https:\/\/visionpeninsular.com\/mid\/renan-barrera-atrae-mas-empresas-e-inversion-al-municipio\/' class='whatsapp-button whatsapp-share'>WhatsApp<\/a><div class='clear '><\/div><\/div>","protected":false},"excerpt":{"rendered":"<p>El Presidente Municipal se re\u00fane con empresarios del Grupo Ferrara para exponer las ventajas competitivas que tiene M\u00e9rida. M\u00e9rida, Yucat\u00e1n a 8 de abril de 2023.- Como Ayuntamiento tenemos el firme compromiso de seguir generando y fomentado la inversi\u00f3n al ofrecer las condiciones necesarias para hacerlo y as\u00ed continuar avanzando con el desarrollo econ\u00f3mico del &hellip;<\/p>\n","protected":false},"author":5,"featured_media":169421,"comment_status":"open","ping_status":"open","sticky":false,"template":"","format":"standard","meta":{"_mi_skip_tracking":false},"categories":[49,37],"tags":[10441,35872,5338],"_links":{"self":[{"href":"https:\/\/visionpeninsular.com\/mid\/wp-json\/wp\/v2\/posts\/169419"}],"collection":[{"href":"https:\/\/visionpeninsular.com\/mid\/wp-json\/wp\/v2\/posts"}],"about":[{"href":"https:\/\/visionpeninsular.com\/mid\/wp-json\/wp\/v2\/types\/post"}],"author":[{"embeddable":true,"href":"https:\/\/visionpeninsular.com\/mid\/wp-json\/wp\/v2\/users\/5"}],"replies":[{"embeddable":true,"href":"https:\/\/visionpeninsular.com\/mid\/wp-json\/wp\/v2\/comments?post=169419"}],"version-history":[{"count":1,"href":"https:\/\/visionpeninsular.com\/mid\/wp-json\/wp\/v2\/posts\/169419\/revisions"}],"predecessor-version":[{"id":169424,"href":"https:\/\/visionpeninsular.com\/mid\/wp-json\/wp\/v2\/posts\/169419\/revisions\/169424"}],"wp:featuredmedia":[{"embeddable":true,"href":"https:\/\/visionpeninsular.com\/mid\/wp-json\/wp\/v2\/media\/169421"}],"wp:attachment":[{"href":"https:\/\/visionpeninsular.com\/mid\/wp-json\/wp\/v2\/media?parent=169419"}],"wp:term":[{"taxonomy":"category","embeddable":true,"href":"https:\/\/visionpeninsular.com\/mid\/wp-json\/wp\/v2\/categories?post=169419"},{"taxonomy":"post_tag","embeddable":true,"href":"https:\/\/visionpeninsular.com\/mid\/wp-json\/wp\/v2\/tags?post=169419"}],"curies":[{"name":"wp","href":"https:\/\/api.w.org\/{rel}","templated":true}]}}