{"id":16941,"date":"2016-11-18T06:41:33","date_gmt":"2016-11-18T12:41:33","guid":{"rendered":"http:\/\/visionpeninsular.com\/mid\/?p=16941"},"modified":"2016-11-18T06:41:33","modified_gmt":"2016-11-18T12:41:33","slug":"nuevo-patronato-impulsara-imagen-turistica-campeche","status":"publish","type":"post","link":"https:\/\/visionpeninsular.com\/mid\/nuevo-patronato-impulsara-imagen-turistica-campeche\/","title":{"rendered":"Nuevo Patronato impulsar\u00e1 imagen tur\u00edstica de Campeche"},"content":{"rendered":"<p>El gobernador Alejandro Moreno C\u00e1rdenas tom\u00f3 protesta a la nueva directiva del Patronato de la Ciudad, A. C., que encabeza Joaqu\u00edn Santiago S\u00e1nchez G\u00f3mez, en sustituci\u00f3n de Hugo Berr\u00f3n Gonz\u00e1lez.<\/p>\n<p>En el Sal\u00f3n de Protocolos de la Biblioteca Campeche, acompa\u00f1ado del secretario de Gobierno, Carlos Miguel Aysa G\u00f3nzalez y el alcalde de Campeche, Edgar Hern\u00e1ndez Hern\u00e1ndez, el mandatario estatal reiter\u00f3 su compromiso de seguir impulsando acciones que contribuyan a aprovechar el gran potencial tur\u00edstico de la ciudad, as\u00ed como promover una mayor participaci\u00f3n ciudadana, que asegure el desarrollo de nuevas \u00e1reas de oportunidades, la creaci\u00f3n de mejores fuentes de empleo y la mejor\u00eda de la calidad de vida de los campechanos.<\/p>\n<p>\u201cHemos encontrado en la actividad tur\u00edstica un apartado fundamental para que Campeche avance hacia adelante y d\u00e9 pasos claros hacia la modernidad y el desarrollo\u201d, enfatiz\u00f3 Moreno C\u00e1rdenas.<\/p>\n<p>Destac\u00f3 que actualmente se realizan obras de modernizaci\u00f3n de avenidas como parte de las tareas que se han emprendido para mantener la belleza de la ciudad, y recalc\u00f3 que en las pr\u00f3ximas semanas iniciar\u00e1 el proceso de licitaci\u00f3n de las grandes obras que anunci\u00f3 para la capital del Estado, durante su Primer Informe de Gobierno, como la ampliaci\u00f3n del malec\u00f3n y el nuevo distribuidor vial La R\u00eda.<\/p>\n<p>Igualmente, dio a conocer que a inicios de 2017, junto con el Ayuntamiento de Campeche, su administraci\u00f3n pondr\u00e1 en marcha, un amplio programa de pavimentaci\u00f3n de calles en las colonias populares, mismo que se replicar\u00e1 en todo el Estado.<\/p>\n<p>Previamente, Berr\u00f3n Gonz\u00e1lez, dio cuenta de algunas de las acciones realizadas por la directiva a su cargo, como el mantenimiento de fachadas de viviendas del Centro Hist\u00f3rico, la adquisici\u00f3n de un \u201cturib\u00fas\u201d, as\u00ed como la integraci\u00f3n de un registro de 50 casas abandonadas en los barrios tradicionales y el centro de la ciudad, que pueden ser usadas para emprender proyectos que no solo detonen el turismo, sino le den una mejor imagen a la capital del Estado.<\/p>\n<p>Por su parte, el presidente de la nueva directiva del Patronato, asegur\u00f3 que dentro de las tareas que se efectuar\u00e1n est\u00e1 intensificar las de coordinaci\u00f3n con los diversos \u00f3rdenes de Gobierno y promover la participaci\u00f3n ciudadana, con el prop\u00f3sito de fortalecer a Campeche como destino tur\u00edstico, a partir del potencial que tiene como Patrimonio Cultural de la Humanidad.<\/p>\n<p>La nueva directiva tambi\u00e9n est\u00e1 integrada por Roc\u00edo Esp\u00ednola Arceo, vicepresidenta, Eduardo Mart\u00ednez Contreras, tesorero, Juan Jos\u00e9 Salazar Ferrer, secretario y como vocales Francisco Hern\u00e1ndez Romero, Nelly Buenfil Montalvo, Jos\u00e9 Manuel Alcocer Bern\u00e9s y Carlos Lavalle Milled.<\/p>\n<p>A la ceremonia asistieron el jefe de la Oficina del Gobernador, Claudio Cetina G\u00f3mez, el titular de la Unidad de Comunicaci\u00f3n Social, Walter Olivera Valladares, y los secretarios de Cultura y Turismo, Delio Carrillo P\u00e9rez y Jorge Manos Esparragoza, respectivamente.<\/p>\n<div class='share-to-whatsapp-wrapper'><div class='share-on-whsp'>Share on: <\/div><a data-text='Nuevo Patronato impulsar\u00e1 imagen tur\u00edstica de Campeche' data-link='https:\/\/visionpeninsular.com\/mid\/nuevo-patronato-impulsara-imagen-turistica-campeche\/' class='whatsapp-button whatsapp-share'>WhatsApp<\/a><div class='clear '><\/div><\/div>","protected":false},"excerpt":{"rendered":"<p>El gobernador Alejandro Moreno C\u00e1rdenas tom\u00f3 protesta a la nueva directiva del Patronato de la Ciudad, A. C., que encabeza Joaqu\u00edn Santiago S\u00e1nchez G\u00f3mez, en sustituci\u00f3n de Hugo Berr\u00f3n Gonz\u00e1lez. En el Sal\u00f3n de Protocolos de la Biblioteca Campeche, acompa\u00f1ado del secretario de Gobierno, Carlos Miguel Aysa G\u00f3nzalez y el alcalde de Campeche, Edgar Hern\u00e1ndez &hellip;<\/p>\n","protected":false},"author":1,"featured_media":16942,"comment_status":"open","ping_status":"open","sticky":false,"template":"","format":"standard","meta":{"_mi_skip_tracking":false},"categories":[46],"tags":[55,2936],"_links":{"self":[{"href":"https:\/\/visionpeninsular.com\/mid\/wp-json\/wp\/v2\/posts\/16941"}],"collection":[{"href":"https:\/\/visionpeninsular.com\/mid\/wp-json\/wp\/v2\/posts"}],"about":[{"href":"https:\/\/visionpeninsular.com\/mid\/wp-json\/wp\/v2\/types\/post"}],"author":[{"embeddable":true,"href":"https:\/\/visionpeninsular.com\/mid\/wp-json\/wp\/v2\/users\/1"}],"replies":[{"embeddable":true,"href":"https:\/\/visionpeninsular.com\/mid\/wp-json\/wp\/v2\/comments?post=16941"}],"version-history":[{"count":1,"href":"https:\/\/visionpeninsular.com\/mid\/wp-json\/wp\/v2\/posts\/16941\/revisions"}],"predecessor-version":[{"id":16943,"href":"https:\/\/visionpeninsular.com\/mid\/wp-json\/wp\/v2\/posts\/16941\/revisions\/16943"}],"wp:featuredmedia":[{"embeddable":true,"href":"https:\/\/visionpeninsular.com\/mid\/wp-json\/wp\/v2\/media\/16942"}],"wp:attachment":[{"href":"https:\/\/visionpeninsular.com\/mid\/wp-json\/wp\/v2\/media?parent=16941"}],"wp:term":[{"taxonomy":"category","embeddable":true,"href":"https:\/\/visionpeninsular.com\/mid\/wp-json\/wp\/v2\/categories?post=16941"},{"taxonomy":"post_tag","embeddable":true,"href":"https:\/\/visionpeninsular.com\/mid\/wp-json\/wp\/v2\/tags?post=16941"}],"curies":[{"name":"wp","href":"https:\/\/api.w.org\/{rel}","templated":true}]}}