{"id":169324,"date":"2023-04-07T12:08:16","date_gmt":"2023-04-07T17:08:16","guid":{"rendered":"https:\/\/visionpeninsular.com\/mid\/?p=169324"},"modified":"2023-04-07T12:08:17","modified_gmt":"2023-04-07T17:08:17","slug":"convocan-a-ninas-y-ninos-a-formar-parte-del-parlamento-infantil-de-yucatan","status":"publish","type":"post","link":"https:\/\/visionpeninsular.com\/mid\/convocan-a-ninas-y-ninos-a-formar-parte-del-parlamento-infantil-de-yucatan\/","title":{"rendered":"Convocan a ni\u00f1as y ni\u00f1os a formar parte del Parlamento Infantil de Yucat\u00e1n"},"content":{"rendered":"\n<p>M\u00e9rida, Yucat\u00e1n, 6 de abril de 2023.- En el marco del mes de las ni\u00f1as y los ni\u00f1os, la Comisi\u00f3n de Derechos Humanos del Estado de Yucat\u00e1n y el Congreso del Estado de Yucat\u00e1n convocan, a participar en la integraci\u00f3n del \u201cParlamento Infantil del Estado de Yucat\u00e1n 2023\u201d con el objetivo de que sus voces sean escuchadas desde la m\u00e1xima tribuna del Estado.<\/p>\n\n\n\n<p>El Presidente de la CODHEY, Miguel Sabido Santana y la Diputada, Abril Ferreyro Rosado presentaron la convocatoria, junto con la ni\u00f1a y ni\u00f1o, Sof\u00eda Basora Palma y Erick Cort\u00e9s Sabido; as\u00ed como los Consejeros, Jes\u00fas Campos Hern\u00e1ndez y Salvador Castell Gonz\u00e1lez.<\/p>\n\n\n\n<p>En su mensaje, el Presidente de la CODHEY hizo una invitaci\u00f3n a las ni\u00f1as y los ni\u00f1os de todo el estado a participar para expresar sus puntos de vista, para que su voz y opiniones sean escuchadas.<\/p>\n\n\n\n<p>Por su parte, la Diputada se\u00f1al\u00f3 que estas actividades se realizan en el marco del 30 aniversario de la CODHEY y los 200 a\u00f1os del Congreso del Estado, con el objetivo de que las y los legisladores escuchen a las infancias.<\/p>\n\n\n\n<p>La Legisladora dio a conocer los detalles de la convocatoria, en la que podr\u00e1n participar todas las ni\u00f1as y ni\u00f1os de 10 a 12 a\u00f1os de edad, residentes en el Estado de Yucat\u00e1n y que se encuentren inscritos en cualquier instituci\u00f3n de educaci\u00f3n b\u00e1sica de nivel primaria.<\/p>\n\n\n\n<p>El concurso, busca favorecer una cultura democr\u00e1tica, mediante la valoraci\u00f3n y seguimiento a sus propuestas y recomendaciones en tem\u00e1ticas que inciden en su entorno.<\/p>\n\n\n\n<p>Dicho Parlamento, estar\u00e1 integrado por 25 ni\u00f1as y ni\u00f1os, que participar\u00e1n elaborando un proyecto de ensayo de 3 a 5 cuartillas como m\u00e1ximo, donde desarrollar\u00e1n un tema de su inter\u00e9s, y\/o que afecte directamente a su familia, su escuela o su comunidad, en cualquiera de las siguientes l\u00edneas tem\u00e1ticas: derechos de la ni\u00f1ez y la adolescencia; respeto y preservaci\u00f3n de la cultura maya; educaci\u00f3n, ciencia y tecnolog\u00eda; medio ambiente e igualdad de g\u00e9nero. Adicional a ello, deber\u00e1n enviar un video de 2 a 4 minutos como m\u00e1ximo, en el que se exponga el contenido de su ensayo.<\/p>\n\n\n\n<p>Las ni\u00f1as y ni\u00f1os interesados en participar deber\u00e1n registrarse como m\u00e1ximo el 26 de abril del a\u00f1o en curso, ingresando a la p\u00e1gina de la CODHEY codhey.org y descargar la ficha de inscripci\u00f3n digital, misma que deber\u00e1 ser enviada al correo difusion@codhey.org<\/p>\n\n\n\n<p>Las autoridades convocantes har\u00e1n p\u00fablicos los resultados el d\u00eda domingo 30 de abril mediante sus plataformas digitales oficiales.<\/p>\n\n\n\n<p>Las y los ni\u00f1os ganadores, deber\u00e1n acudir el martes 02 de mayo a las 10:00 horas al Recinto del Poder Legislativo; adem\u00e1s se presentar\u00e1n a tomar protesta durante la sesi\u00f3n ordinaria del \u201cParlamento Infantil del Estado de Yucat\u00e1n, 2023\u201d el d\u00eda 03 de mayo del a\u00f1o 2023 a las 16:00 horas en el Sal\u00f3n de Sesiones del Congreso del Estado con la presencia de los Diputados y Diputadas de la LXIII Legislatura del H. Congreso.<\/p>\n\n\n\n<p>Se otorgar\u00e1 a las y los ganadores un reconocimiento por parte de las instituciones convocantes, un kit de material did\u00e1ctico en materia de derechos humanos y un premio sorpresa.<\/p>\n<div class='share-to-whatsapp-wrapper'><div class='share-on-whsp'>Share on: <\/div><a data-text='Convocan a ni\u00f1as y ni\u00f1os a formar parte del Parlamento Infantil de Yucat\u00e1n' data-link='https:\/\/visionpeninsular.com\/mid\/convocan-a-ninas-y-ninos-a-formar-parte-del-parlamento-infantil-de-yucatan\/' class='whatsapp-button whatsapp-share'>WhatsApp<\/a><div class='clear '><\/div><\/div>","protected":false},"excerpt":{"rendered":"<p>M\u00e9rida, Yucat\u00e1n, 6 de abril de 2023.- En el marco del mes de las ni\u00f1as y los ni\u00f1os, la Comisi\u00f3n de Derechos Humanos del Estado de Yucat\u00e1n y el Congreso del Estado de Yucat\u00e1n convocan, a participar en la integraci\u00f3n del \u201cParlamento Infantil del Estado de Yucat\u00e1n 2023\u201d con el objetivo de que sus voces &hellip;<\/p>\n","protected":false},"author":5,"featured_media":169327,"comment_status":"open","ping_status":"open","sticky":false,"template":"","format":"standard","meta":{"_mi_skip_tracking":false},"categories":[50,37],"tags":[468,3699,35844],"_links":{"self":[{"href":"https:\/\/visionpeninsular.com\/mid\/wp-json\/wp\/v2\/posts\/169324"}],"collection":[{"href":"https:\/\/visionpeninsular.com\/mid\/wp-json\/wp\/v2\/posts"}],"about":[{"href":"https:\/\/visionpeninsular.com\/mid\/wp-json\/wp\/v2\/types\/post"}],"author":[{"embeddable":true,"href":"https:\/\/visionpeninsular.com\/mid\/wp-json\/wp\/v2\/users\/5"}],"replies":[{"embeddable":true,"href":"https:\/\/visionpeninsular.com\/mid\/wp-json\/wp\/v2\/comments?post=169324"}],"version-history":[{"count":1,"href":"https:\/\/visionpeninsular.com\/mid\/wp-json\/wp\/v2\/posts\/169324\/revisions"}],"predecessor-version":[{"id":169328,"href":"https:\/\/visionpeninsular.com\/mid\/wp-json\/wp\/v2\/posts\/169324\/revisions\/169328"}],"wp:featuredmedia":[{"embeddable":true,"href":"https:\/\/visionpeninsular.com\/mid\/wp-json\/wp\/v2\/media\/169327"}],"wp:attachment":[{"href":"https:\/\/visionpeninsular.com\/mid\/wp-json\/wp\/v2\/media?parent=169324"}],"wp:term":[{"taxonomy":"category","embeddable":true,"href":"https:\/\/visionpeninsular.com\/mid\/wp-json\/wp\/v2\/categories?post=169324"},{"taxonomy":"post_tag","embeddable":true,"href":"https:\/\/visionpeninsular.com\/mid\/wp-json\/wp\/v2\/tags?post=169324"}],"curies":[{"name":"wp","href":"https:\/\/api.w.org\/{rel}","templated":true}]}}