{"id":168766,"date":"2023-03-27T10:18:11","date_gmt":"2023-03-27T16:18:11","guid":{"rendered":"https:\/\/visionpeninsular.com\/mid\/?p=168766"},"modified":"2023-03-27T10:18:11","modified_gmt":"2023-03-27T16:18:11","slug":"emma-gabriela-6-anos-de-un-feminicidio-anunciado","status":"publish","type":"post","link":"https:\/\/visionpeninsular.com\/mid\/emma-gabriela-6-anos-de-un-feminicidio-anunciado\/","title":{"rendered":"Emma Gabriela: 6 a\u00f1os de un feminicidio anunciado"},"content":{"rendered":"\n<p><\/p>\n\n\n\n<p>M\u00e9rida, Yucat\u00e1n a 27 de marzo de 2023 (Redacci\u00f3n).- Hoy se cumplen 6 a\u00f1os del feminicidio de Emma Gabriela Molina Canto, una mujer que se defendi\u00f3 de la violencia que vivi\u00f3 y que dio la vida por sus hijos hasta el \u00faltimo minuto. Su muerte, fue un parteaguas en la lucha de las mujeres para exigir justicia y una vida libre sin violencia.<\/p>\n\n\n\n<p>Su madre Ligia Canto, sigue luchando, ahora por sus nietos, v\u00edctimas de violencia patrimonial por parte de su padre Mart\u00edn Alberto Medina Sonda, encarcelado por corrupci\u00f3n y por el feminicidio de Gaby. Antes, lo hizo para demostrar que su hija era inocente de todos los cargos con los que pretend\u00edan inculparla.<\/p>\n\n\n\n<p>Tanto Gaby como su madre, la se\u00f1ora Ligia, fueron encarceladas en el Centro de Readaptaci\u00f3n de Tabasco, violando sus derechos humanos, con carpetas de investigaci\u00f3n fabricadas y con una autoridad que actu\u00f3 para encubrir a quien en ese momento era funcionario en la administraci\u00f3n del Gobernador tabasque\u00f1o Andr\u00e9s Granier Melo.<\/p>\n\n\n\n<p>Fue la tarde del 27 de marzo del 2017, cuando dos sicarios contratados por Juan Ram\u00f3n Moreno Hern\u00e1ndez alias \u201cEl Cachorro\u201d, terminaron con la vida de Emma a la edad de 43 a\u00f1os de edad y 16 de ellos, v\u00edctima de violencia f\u00edsica, psicol\u00f3gica, econ\u00f3mica e institucional. Mart\u00edn, fue sentenciado como autor intelectual del feminicidio de su exesposa. <\/p>\n\n\n\n<p>Seis a\u00f1os han pasado sin paz para la familia de Emma, sin descanso para una madre-abuela, que sigue pregonando justicia en Yucat\u00e1n para su hija y tambi\u00e9n para sus nietos.<\/p>\n\n\n\n<p>Hace unos d\u00edas y despu\u00e9s de cinco a\u00f1os de lucha, el Tribunal Superior de Justicia de Yucat\u00e1n, obsequi\u00f3 a los tres hijos de Emma Gabriela, una resoluci\u00f3n protectora contra su padre, quien desde hace 10 a\u00f1os dej\u00f3 de pagar su manutenci\u00f3n.<\/p>\n<div class='share-to-whatsapp-wrapper'><div class='share-on-whsp'>Share on: <\/div><a data-text='Emma Gabriela: 6 a\u00f1os de un feminicidio anunciado' data-link='https:\/\/visionpeninsular.com\/mid\/emma-gabriela-6-anos-de-un-feminicidio-anunciado\/' class='whatsapp-button whatsapp-share'>WhatsApp<\/a><div class='clear '><\/div><\/div>","protected":false},"excerpt":{"rendered":"<p>M\u00e9rida, Yucat\u00e1n a 27 de marzo de 2023 (Redacci\u00f3n).- Hoy se cumplen 6 a\u00f1os del feminicidio de Emma Gabriela Molina Canto, una mujer que se defendi\u00f3 de la violencia que vivi\u00f3 y que dio la vida por sus hijos hasta el \u00faltimo minuto. Su muerte, fue un parteaguas en la lucha de las mujeres para &hellip;<\/p>\n","protected":false},"author":12,"featured_media":168768,"comment_status":"open","ping_status":"open","sticky":false,"template":"","format":"standard","meta":{"_mi_skip_tracking":false},"categories":[49,50,37],"tags":[35673,190,35674],"_links":{"self":[{"href":"https:\/\/visionpeninsular.com\/mid\/wp-json\/wp\/v2\/posts\/168766"}],"collection":[{"href":"https:\/\/visionpeninsular.com\/mid\/wp-json\/wp\/v2\/posts"}],"about":[{"href":"https:\/\/visionpeninsular.com\/mid\/wp-json\/wp\/v2\/types\/post"}],"author":[{"embeddable":true,"href":"https:\/\/visionpeninsular.com\/mid\/wp-json\/wp\/v2\/users\/12"}],"replies":[{"embeddable":true,"href":"https:\/\/visionpeninsular.com\/mid\/wp-json\/wp\/v2\/comments?post=168766"}],"version-history":[{"count":1,"href":"https:\/\/visionpeninsular.com\/mid\/wp-json\/wp\/v2\/posts\/168766\/revisions"}],"predecessor-version":[{"id":168769,"href":"https:\/\/visionpeninsular.com\/mid\/wp-json\/wp\/v2\/posts\/168766\/revisions\/168769"}],"wp:featuredmedia":[{"embeddable":true,"href":"https:\/\/visionpeninsular.com\/mid\/wp-json\/wp\/v2\/media\/168768"}],"wp:attachment":[{"href":"https:\/\/visionpeninsular.com\/mid\/wp-json\/wp\/v2\/media?parent=168766"}],"wp:term":[{"taxonomy":"category","embeddable":true,"href":"https:\/\/visionpeninsular.com\/mid\/wp-json\/wp\/v2\/categories?post=168766"},{"taxonomy":"post_tag","embeddable":true,"href":"https:\/\/visionpeninsular.com\/mid\/wp-json\/wp\/v2\/tags?post=168766"}],"curies":[{"name":"wp","href":"https:\/\/api.w.org\/{rel}","templated":true}]}}