{"id":168738,"date":"2023-03-25T10:52:33","date_gmt":"2023-03-25T16:52:33","guid":{"rendered":"https:\/\/visionpeninsular.com\/mid\/?p=168738"},"modified":"2023-03-25T10:52:34","modified_gmt":"2023-03-25T16:52:34","slug":"llamado-a-la-sociedad-yucateca-a-unirse-contra-la-trata","status":"publish","type":"post","link":"https:\/\/visionpeninsular.com\/mid\/llamado-a-la-sociedad-yucateca-a-unirse-contra-la-trata\/","title":{"rendered":"Llamado  a la  sociedad yucateca a unirse contra la trata"},"content":{"rendered":"\n<p>M\u00e9rida, Yucat\u00e1n, 24 de marzo de 2023.- Con un llamado a la sociedad civil a construir un refugio para personas v\u00edctimas de trata, la activista Rosi Orozco particip\u00f3 en la conferencia denominada \u201cUna vida con prop\u00f3sito\u201d en la Universidad An\u00e1huac Mayab.<\/p>\n\n\n\n<p>En el marco del evento convocado por la Comisi\u00f3n de Derechos Humanos del Estado de Yucat\u00e1n, la Universidad An\u00e1huac Mayab y Hogares Man\u00e1, la fundadora de \u201cUnidos vs la trata\u201d, dijo que Yucat\u00e1n es un estado muy seguro, pero la trata es un delito que no es visible.<\/p>\n\n\n\n<p>\u201cSi cualquier persona ve algo raro debe denunciar y las autoridades investigar\u201d, precis\u00f3.<\/p>\n\n\n\n<p> Al  finalizar el evento, indic\u00f3 que Yucat\u00e1n es el estado de la Rep\u00fablica donde hay m\u00e1s participaci\u00f3n ciudadana, donde la gente es m\u00e1s consciente de lo importante de hacer sociedad y es \u201cimperdonable\u201d que no se cuente a\u00fan con un refugio para v\u00edctimas de trata.<\/p>\n\n\n\n<p>\u201cNo es comprensible que, siendo tan solidarios, no se tenga (el refugio), deber\u00eda ser el primer estado en el pa\u00eds en contar con uno\u201d, remarc\u00f3.<\/p>\n\n\n\n<p>&nbsp;Rosi Orozco se\u00f1al\u00f3 que la trata de personas existe en todo el mundo, con solo entrar a internet desde cualquier lugar hay p\u00e1ginas que ofrecen a chicas y chicos \u201ccomo mercanc\u00eda\u201d.<\/p>\n\n\n\n<p>La especialista en el tema hizo un llamado a los padres, madres de familia y adultos a estar pendientes de lo que juegan las ni\u00f1as y los ni\u00f1os en internet.<\/p>\n\n\n\n<figure class=\"wp-block-image size-full\"><img loading=\"lazy\" width=\"768\" height=\"512\" src=\"https:\/\/visionpeninsular.com\/mid\/wp-content\/uploads\/2023\/03\/ROSI-OROZCO_2-scaled-1.jpg\" alt=\"\" class=\"wp-image-168741\" srcset=\"https:\/\/visionpeninsular.com\/mid\/wp-content\/uploads\/2023\/03\/ROSI-OROZCO_2-scaled-1.jpg 768w, https:\/\/visionpeninsular.com\/mid\/wp-content\/uploads\/2023\/03\/ROSI-OROZCO_2-scaled-1-300x200.jpg 300w\" sizes=\"(max-width: 768px) 100vw, 768px\" \/><\/figure>\n\n\n\n<p>\u201cEl problema es que los ni\u00f1os est\u00e1n jugando, aparentemente, con otros de su misma edad, pero puede ser una persona perversa que trata de captar a los menores, es el medio m\u00e1s peligroso si no se est\u00e1 pendiente\u201d, remarc\u00f3.<\/p>\n\n\n\n<p>Y tambi\u00e9n destac\u00f3 la importante labor que realizan los medios de comunicaci\u00f3n que son aliados en la lucha contra la trata de personas, ya que son el espacio para dar a conocer las historias de sobrevivientes y es necesario que se conozcan justo para que nadie m\u00e1s caiga en las redes de los tratantes.<\/p>\n\n\n\n<p>Por su parte, Mar\u00eda Isabel, una sobreviviente que fue v\u00edctima de trata de personas de los 4 a los 6 a\u00f1os, dio su testimonio e invit\u00f3 a los yucatecos a que se sumen a la lucha contra la trata de personas.<\/p>\n\n\n\n<p>\u201cLes pido a las personas que se sumen a la lucha, de cualquier manera; que no tengan miedo, que s\u00ed hay una persona que est\u00e1 en esclavitud que la escuchen, les den voz y que sepan que hay esperanza\u201d, destac\u00f3.<\/p>\n\n\n\n<p>La joven comparte su testimonio para evitar que otras ni\u00f1as y j\u00f3venes sean v\u00edctimas de trata de personas y sufran lo que ella vivi\u00f3.<\/p>\n\n\n\n<p>(Bolet\u00edn de Prensa)<\/p>\n<div class='share-to-whatsapp-wrapper'><div class='share-on-whsp'>Share on: <\/div><a data-text='Llamado  a la  sociedad yucateca a unirse contra la trata' data-link='https:\/\/visionpeninsular.com\/mid\/llamado-a-la-sociedad-yucateca-a-unirse-contra-la-trata\/' class='whatsapp-button whatsapp-share'>WhatsApp<\/a><div class='clear '><\/div><\/div>","protected":false},"excerpt":{"rendered":"<p>M\u00e9rida, Yucat\u00e1n, 24 de marzo de 2023.- Con un llamado a la sociedad civil a construir un refugio para personas v\u00edctimas de trata, la activista Rosi Orozco particip\u00f3 en la conferencia denominada \u201cUna vida con prop\u00f3sito\u201d en la Universidad An\u00e1huac Mayab. En el marco del evento convocado por la Comisi\u00f3n de Derechos Humanos del Estado &hellip;<\/p>\n","protected":false},"author":5,"featured_media":168740,"comment_status":"open","ping_status":"open","sticky":false,"template":"","format":"standard","meta":{"_mi_skip_tracking":false},"categories":[50,37],"tags":[35665,35663,35664],"_links":{"self":[{"href":"https:\/\/visionpeninsular.com\/mid\/wp-json\/wp\/v2\/posts\/168738"}],"collection":[{"href":"https:\/\/visionpeninsular.com\/mid\/wp-json\/wp\/v2\/posts"}],"about":[{"href":"https:\/\/visionpeninsular.com\/mid\/wp-json\/wp\/v2\/types\/post"}],"author":[{"embeddable":true,"href":"https:\/\/visionpeninsular.com\/mid\/wp-json\/wp\/v2\/users\/5"}],"replies":[{"embeddable":true,"href":"https:\/\/visionpeninsular.com\/mid\/wp-json\/wp\/v2\/comments?post=168738"}],"version-history":[{"count":1,"href":"https:\/\/visionpeninsular.com\/mid\/wp-json\/wp\/v2\/posts\/168738\/revisions"}],"predecessor-version":[{"id":168742,"href":"https:\/\/visionpeninsular.com\/mid\/wp-json\/wp\/v2\/posts\/168738\/revisions\/168742"}],"wp:featuredmedia":[{"embeddable":true,"href":"https:\/\/visionpeninsular.com\/mid\/wp-json\/wp\/v2\/media\/168740"}],"wp:attachment":[{"href":"https:\/\/visionpeninsular.com\/mid\/wp-json\/wp\/v2\/media?parent=168738"}],"wp:term":[{"taxonomy":"category","embeddable":true,"href":"https:\/\/visionpeninsular.com\/mid\/wp-json\/wp\/v2\/categories?post=168738"},{"taxonomy":"post_tag","embeddable":true,"href":"https:\/\/visionpeninsular.com\/mid\/wp-json\/wp\/v2\/tags?post=168738"}],"curies":[{"name":"wp","href":"https:\/\/api.w.org\/{rel}","templated":true}]}}