{"id":168266,"date":"2023-03-16T07:22:48","date_gmt":"2023-03-16T13:22:48","guid":{"rendered":"https:\/\/visionpeninsular.com\/mid\/?p=168266"},"modified":"2023-03-16T07:29:15","modified_gmt":"2023-03-16T13:29:15","slug":"hallan-sin-vida-a-joven-de-cuncunul","status":"publish","type":"post","link":"https:\/\/visionpeninsular.com\/mid\/hallan-sin-vida-a-joven-de-cuncunul\/","title":{"rendered":"Hallan sin vida a joven de Cuncunul"},"content":{"rendered":"\n<p><\/p>\n\n\n\n<p>M\u00e9rida, Yucat\u00e1n a 16 de marzo de 2023 (Redacci\u00f3n).&#8211; Linda de los A. Y. P., de 24 a\u00f1os de edad, reportada como desaparecida en el municipio de Cuncunul, fue hallada sin vida en un cenote.<\/p>\n\n\n\n<p>El ayuntamiento de esa localidad, emiti\u00f3 una alerta de b\u00fasqueda de la joven que estaba bajo tratamiento psiqui\u00e1trico, seg\u00fan se inform\u00f3 en el mismo documento.<\/p>\n\n\n\n<p>Aunque se maneja la versi\u00f3n del suicidio, las autoridades realizan una investigaci\u00f3n sobre la muerte de la chica que ha conmovido a su comunidad.<\/p>\n\n\n\n<p>Elementos de Siniestros y Rescates del Cuerpo de Bomberos, realizaron tareas en el cenote que se encuentra a un costado de la sede del Ayuntamiento, para recuperar el cuerpo de la joven.<\/p>\n\n\n\n<figure class=\"wp-block-image size-full\"><img loading=\"lazy\" width=\"872\" height=\"960\" src=\"https:\/\/visionpeninsular.com\/mid\/wp-content\/uploads\/2023\/03\/CUNCUNUL-EXTRAVIADA.jpg\" alt=\"\" class=\"wp-image-168268\" srcset=\"https:\/\/visionpeninsular.com\/mid\/wp-content\/uploads\/2023\/03\/CUNCUNUL-EXTRAVIADA.jpg 872w, https:\/\/visionpeninsular.com\/mid\/wp-content\/uploads\/2023\/03\/CUNCUNUL-EXTRAVIADA-273x300.jpg 273w, https:\/\/visionpeninsular.com\/mid\/wp-content\/uploads\/2023\/03\/CUNCUNUL-EXTRAVIADA-768x846.jpg 768w\" sizes=\"(max-width: 872px) 100vw, 872px\" \/><\/figure>\n<div class='share-to-whatsapp-wrapper'><div class='share-on-whsp'>Share on: <\/div><a data-text='Hallan sin vida a joven de Cuncunul' data-link='https:\/\/visionpeninsular.com\/mid\/hallan-sin-vida-a-joven-de-cuncunul\/' class='whatsapp-button whatsapp-share'>WhatsApp<\/a><div class='clear '><\/div><\/div>","protected":false},"excerpt":{"rendered":"<p>M\u00e9rida, Yucat\u00e1n a 16 de marzo de 2023 (Redacci\u00f3n).&#8211; Linda de los A. Y. P., de 24 a\u00f1os de edad, reportada como desaparecida en el municipio de Cuncunul, fue hallada sin vida en un cenote. El ayuntamiento de esa localidad, emiti\u00f3 una alerta de b\u00fasqueda de la joven que estaba bajo tratamiento psiqui\u00e1trico, seg\u00fan se &hellip;<\/p>\n","protected":false},"author":12,"featured_media":168270,"comment_status":"open","ping_status":"open","sticky":false,"template":"","format":"standard","meta":{"_mi_skip_tracking":false},"categories":[49,37],"tags":[267,35535,2913,3428,116,752],"_links":{"self":[{"href":"https:\/\/visionpeninsular.com\/mid\/wp-json\/wp\/v2\/posts\/168266"}],"collection":[{"href":"https:\/\/visionpeninsular.com\/mid\/wp-json\/wp\/v2\/posts"}],"about":[{"href":"https:\/\/visionpeninsular.com\/mid\/wp-json\/wp\/v2\/types\/post"}],"author":[{"embeddable":true,"href":"https:\/\/visionpeninsular.com\/mid\/wp-json\/wp\/v2\/users\/12"}],"replies":[{"embeddable":true,"href":"https:\/\/visionpeninsular.com\/mid\/wp-json\/wp\/v2\/comments?post=168266"}],"version-history":[{"count":3,"href":"https:\/\/visionpeninsular.com\/mid\/wp-json\/wp\/v2\/posts\/168266\/revisions"}],"predecessor-version":[{"id":168273,"href":"https:\/\/visionpeninsular.com\/mid\/wp-json\/wp\/v2\/posts\/168266\/revisions\/168273"}],"wp:featuredmedia":[{"embeddable":true,"href":"https:\/\/visionpeninsular.com\/mid\/wp-json\/wp\/v2\/media\/168270"}],"wp:attachment":[{"href":"https:\/\/visionpeninsular.com\/mid\/wp-json\/wp\/v2\/media?parent=168266"}],"wp:term":[{"taxonomy":"category","embeddable":true,"href":"https:\/\/visionpeninsular.com\/mid\/wp-json\/wp\/v2\/categories?post=168266"},{"taxonomy":"post_tag","embeddable":true,"href":"https:\/\/visionpeninsular.com\/mid\/wp-json\/wp\/v2\/tags?post=168266"}],"curies":[{"name":"wp","href":"https:\/\/api.w.org\/{rel}","templated":true}]}}