{"id":168168,"date":"2023-03-14T14:10:22","date_gmt":"2023-03-14T20:10:22","guid":{"rendered":"https:\/\/visionpeninsular.com\/mid\/?p=168168"},"modified":"2023-03-14T14:10:23","modified_gmt":"2023-03-14T20:10:23","slug":"yucatan-reporta-cifra-historica-de-patrones-registrados-ante-el-imss","status":"publish","type":"post","link":"https:\/\/visionpeninsular.com\/mid\/yucatan-reporta-cifra-historica-de-patrones-registrados-ante-el-imss\/","title":{"rendered":"Yucat\u00e1n reporta cifra hist\u00f3rica de patrones registrados ante el IMSS"},"content":{"rendered":"\n<ul><li><strong><em>En febrero, la entidad alcanz\u00f3 un total de 21 mil 655 personas en ese padr\u00f3n, lo que lo coloc\u00f3 entre los tres estados con mayor crecimiento.<\/em><\/strong><\/li><\/ul>\n\n\n\n<p>M\u00e9rida, Yucat\u00e1n, 13 de marzo de 2023.- Yucat\u00e1n rompi\u00f3 r\u00e9cord en el n\u00famero de patrones registrados ante el Instituto Mexicano del Seguro Social (IMSS), al alcanzar un total de 21 mil 655 personas en ese padr\u00f3n en febrero, cifra m\u00e1xima desde que se tiene registro, lo que demuestra que el apoyo del Gobierno de Mauricio Vila Dosal a los emprendedores y nuevos negocios est\u00e1 rindiendo frutos.<\/p>\n\n\n\n<p>De acuerdo a lo dado a conocer por el IMSS, esta cifra represent\u00f3 el tercer mayor crecimiento del pa\u00eds con una tasa anual de 3.7%, respecto al mismo mes de 2022. Cabe se\u00f1alar que este aumento es superior al nacional de 1.1%.<\/p>\n\n\n\n<p>Por otra parte, durante el periodo de enero a febrero de 2023, Yucat\u00e1n registr\u00f3 212 nuevos patrones ante el Instituto, dato superior a la media nacional de 24, lo que posicion\u00f3 a la entidad en el tercer lugar con mayores nuevos registros.<\/p>\n\n\n\n<p>En este sentido, el estado observ\u00f3 una variaci\u00f3n acumulada en las altas de patrones de 78%, posicion\u00e1ndose en el quinto lugar del ranking de crecimiento.<\/p>\n\n\n\n<p>&nbsp;Solo en el mes de febrero de este a\u00f1o, la entidad present\u00f3 140 nuevos patrones registrados, cifra superior a la media nacional de 91 patrones, lo que represent\u00f3 un crecimiento anual de 383% comparando solo con los registros del mismo mes de 2022, quedando entre los primeros cuatro estados del pa\u00eds.<\/p>\n\n\n\n<p>Para el Gobernador Mauricio Vila Dosal desde el primer momento fue prioridad apoyar a los emprendedores, peque\u00f1as y medianas empresas, ya que son una importante fuente de empleo para los yucatecos, por eso a trav\u00e9s del esquema MicroYuc se ha otorgado m\u00e1s de 72 mil cr\u00e9ditos para hacer que los negocios locales crezcan.<\/p>\n\n\n\n<p>Durante la pandemia se puso a disposici\u00f3n dos l\u00edneas de cr\u00e9dito, la primera con NAFIN de 2,200 millones de pesos y la segunda con FIRA de 320 millones de pesos, todo ello para apoyar a los emprendedores y due\u00f1os de negocios.<\/p>\n\n\n\n<p>Tambi\u00e9n, se ha impulsado la promoci\u00f3n de micro, peque\u00f1as y medianas empresas mediante la estrategia &#8220;Yucat\u00e1n Expone&#8221;, al llevar lo hecho en el estado a diferentes puntos del pa\u00eds y para este 2023, se ha anunciado que el programa Yucat\u00e1n Expone llegar\u00e1 al Z\u00f3calo capitalino el pr\u00f3ximo mes de mayo, espacio donde artesanos, productores y emprendedores tendr\u00e1n una gran oportunidad de ofrecer sus productos y multiplicar sus oportunidades comerciales.<\/p>\n\n\n\n<p>En alianza con la C\u00e1mara Nacional de la Industria del Vestido (Canaive) y autoridades municipales, pusieron el Laboratorio de Fotograf\u00eda Digital \u201cPhotolab\u201d by Indumental, con lo que due\u00f1os de peque\u00f1os negocios pueden acceder a servicios de creaci\u00f3n de contenido visual, que ayuden a expandir sus mercados y potenciar la comercializaci\u00f3n en l\u00ednea de sus productos.<\/p>\n<div class='share-to-whatsapp-wrapper'><div class='share-on-whsp'>Share on: <\/div><a data-text='Yucat\u00e1n reporta cifra hist\u00f3rica de patrones registrados ante el IMSS' data-link='https:\/\/visionpeninsular.com\/mid\/yucatan-reporta-cifra-historica-de-patrones-registrados-ante-el-imss\/' class='whatsapp-button whatsapp-share'>WhatsApp<\/a><div class='clear '><\/div><\/div>","protected":false},"excerpt":{"rendered":"<p>En febrero, la entidad alcanz\u00f3 un total de 21 mil 655 personas en ese padr\u00f3n, lo que lo coloc\u00f3 entre los tres estados con mayor crecimiento. M\u00e9rida, Yucat\u00e1n, 13 de marzo de 2023.- Yucat\u00e1n rompi\u00f3 r\u00e9cord en el n\u00famero de patrones registrados ante el Instituto Mexicano del Seguro Social (IMSS), al alcanzar un total de &hellip;<\/p>\n","protected":false},"author":5,"featured_media":168170,"comment_status":"open","ping_status":"open","sticky":false,"template":"","format":"standard","meta":{"_mi_skip_tracking":false},"categories":[49,37],"tags":[35472,185,35473,31121],"_links":{"self":[{"href":"https:\/\/visionpeninsular.com\/mid\/wp-json\/wp\/v2\/posts\/168168"}],"collection":[{"href":"https:\/\/visionpeninsular.com\/mid\/wp-json\/wp\/v2\/posts"}],"about":[{"href":"https:\/\/visionpeninsular.com\/mid\/wp-json\/wp\/v2\/types\/post"}],"author":[{"embeddable":true,"href":"https:\/\/visionpeninsular.com\/mid\/wp-json\/wp\/v2\/users\/5"}],"replies":[{"embeddable":true,"href":"https:\/\/visionpeninsular.com\/mid\/wp-json\/wp\/v2\/comments?post=168168"}],"version-history":[{"count":1,"href":"https:\/\/visionpeninsular.com\/mid\/wp-json\/wp\/v2\/posts\/168168\/revisions"}],"predecessor-version":[{"id":168171,"href":"https:\/\/visionpeninsular.com\/mid\/wp-json\/wp\/v2\/posts\/168168\/revisions\/168171"}],"wp:featuredmedia":[{"embeddable":true,"href":"https:\/\/visionpeninsular.com\/mid\/wp-json\/wp\/v2\/media\/168170"}],"wp:attachment":[{"href":"https:\/\/visionpeninsular.com\/mid\/wp-json\/wp\/v2\/media?parent=168168"}],"wp:term":[{"taxonomy":"category","embeddable":true,"href":"https:\/\/visionpeninsular.com\/mid\/wp-json\/wp\/v2\/categories?post=168168"},{"taxonomy":"post_tag","embeddable":true,"href":"https:\/\/visionpeninsular.com\/mid\/wp-json\/wp\/v2\/tags?post=168168"}],"curies":[{"name":"wp","href":"https:\/\/api.w.org\/{rel}","templated":true}]}}