{"id":168138,"date":"2023-03-13T10:03:42","date_gmt":"2023-03-13T16:03:42","guid":{"rendered":"https:\/\/visionpeninsular.com\/mid\/?p=168138"},"modified":"2023-03-13T10:03:44","modified_gmt":"2023-03-13T16:03:44","slug":"a-prision-por-feminicidio-y-homicidio-calificado-en-chichimila","status":"publish","type":"post","link":"https:\/\/visionpeninsular.com\/mid\/a-prision-por-feminicidio-y-homicidio-calificado-en-chichimila\/","title":{"rendered":"A prisi\u00f3n por feminicidio y homicidio calificado en Chichimil\u00e1"},"content":{"rendered":"\n<p>La Fiscal\u00eda General del Estado (FGE) imput\u00f3 a J.G.C., por los delitos de feminicidio y homicidio calificado, tras los hechos ocurridos en la localidad de Chichimil\u00e1, en d\u00f3nde caus\u00f3 la muerte de una mujer y un hombre, por lo que permanecer\u00e1 en prisi\u00f3n por los hechos denunciados.<\/p>\n\n\n\n<p>Durante la audiencia celebrada en el Centro de Justicia Oral de Valladolid, los fiscales de litigaci\u00f3n, tras formular la imputaci\u00f3n de los delitos, expusieron los datos de prueba contenidos en la carpeta de investigaci\u00f3n de la causa penal 22\/2023 para pedir la vinculaci\u00f3n a proceso del imputado, quien solicit\u00f3 la duplicidad del t\u00e9rmino para resolver su situaci\u00f3n jur\u00eddica, por lo que la Juez de Control convoc\u00f3 a las partes para continuar la audiencia el pr\u00f3ximo 16 de marzo.<\/p>\n\n\n\n<p>Los datos reunidos durante la indagatoria, establecen que los hechos ocurrieron el pasado ocho de marzo, cuando el encausado atac\u00f3 con un objeto met\u00e1lico con forma de rastrillo a la pareja que se encontraba en un predio de la calle 23 de dicho municipio y les arroj\u00f3 un objeto cil\u00edndrico de concreto en la cabeza, causando la muerte de ambos por traumatismo craneoencef\u00e1lico.<\/p>\n\n\n\n<p>Antes de finalizar, esta representaci\u00f3n social expuso los argumentos para sustentar la solicitud de la prisi\u00f3n preventiva oficiosa, misma que fue concedida por la Juez Primera de Control por todo el tiempo que dure elproceso, por lo que el imputado permanecer\u00e1 privado de su libertad hasta esclarecer su participaci\u00f3n en los hechos denunciados.<\/p>\n<div class='share-to-whatsapp-wrapper'><div class='share-on-whsp'>Share on: <\/div><a data-text='A prisi\u00f3n por feminicidio y homicidio calificado en Chichimil\u00e1' data-link='https:\/\/visionpeninsular.com\/mid\/a-prision-por-feminicidio-y-homicidio-calificado-en-chichimila\/' class='whatsapp-button whatsapp-share'>WhatsApp<\/a><div class='clear '><\/div><\/div>","protected":false},"excerpt":{"rendered":"<p>La Fiscal\u00eda General del Estado (FGE) imput\u00f3 a J.G.C., por los delitos de feminicidio y homicidio calificado, tras los hechos ocurridos en la localidad de Chichimil\u00e1, en d\u00f3nde caus\u00f3 la muerte de una mujer y un hombre, por lo que permanecer\u00e1 en prisi\u00f3n por los hechos denunciados. Durante la audiencia celebrada en el Centro de &hellip;<\/p>\n","protected":false},"author":5,"featured_media":149184,"comment_status":"open","ping_status":"open","sticky":false,"template":"","format":"standard","meta":{"_mi_skip_tracking":false},"categories":[50,37],"tags":[666,35456,752],"_links":{"self":[{"href":"https:\/\/visionpeninsular.com\/mid\/wp-json\/wp\/v2\/posts\/168138"}],"collection":[{"href":"https:\/\/visionpeninsular.com\/mid\/wp-json\/wp\/v2\/posts"}],"about":[{"href":"https:\/\/visionpeninsular.com\/mid\/wp-json\/wp\/v2\/types\/post"}],"author":[{"embeddable":true,"href":"https:\/\/visionpeninsular.com\/mid\/wp-json\/wp\/v2\/users\/5"}],"replies":[{"embeddable":true,"href":"https:\/\/visionpeninsular.com\/mid\/wp-json\/wp\/v2\/comments?post=168138"}],"version-history":[{"count":1,"href":"https:\/\/visionpeninsular.com\/mid\/wp-json\/wp\/v2\/posts\/168138\/revisions"}],"predecessor-version":[{"id":168140,"href":"https:\/\/visionpeninsular.com\/mid\/wp-json\/wp\/v2\/posts\/168138\/revisions\/168140"}],"wp:featuredmedia":[{"embeddable":true,"href":"https:\/\/visionpeninsular.com\/mid\/wp-json\/wp\/v2\/media\/149184"}],"wp:attachment":[{"href":"https:\/\/visionpeninsular.com\/mid\/wp-json\/wp\/v2\/media?parent=168138"}],"wp:term":[{"taxonomy":"category","embeddable":true,"href":"https:\/\/visionpeninsular.com\/mid\/wp-json\/wp\/v2\/categories?post=168138"},{"taxonomy":"post_tag","embeddable":true,"href":"https:\/\/visionpeninsular.com\/mid\/wp-json\/wp\/v2\/tags?post=168138"}],"curies":[{"name":"wp","href":"https:\/\/api.w.org\/{rel}","templated":true}]}}