{"id":167965,"date":"2023-03-09T11:02:00","date_gmt":"2023-03-09T17:02:00","guid":{"rendered":"https:\/\/visionpeninsular.com\/mid\/?p=167965"},"modified":"2023-03-09T17:54:16","modified_gmt":"2023-03-09T23:54:16","slug":"la-marcha-de-las-mujeres-que-mueve-todo","status":"publish","type":"post","link":"https:\/\/visionpeninsular.com\/mid\/la-marcha-de-las-mujeres-que-mueve-todo\/","title":{"rendered":"8M: La marcha que inspira a otras mujeres"},"content":{"rendered":"\n<p>&nbsp;M\u00e9rida, Yucat\u00e1n a 9 de marzo de 2023 (Redacci\u00f3n).- \u201cLlor\u00e9 y llor\u00e9 desde antes de llegar a donde estaban todas las mujeres reunidas alrededor del Monumento a la Marcha, yo era de las que se molestaba por las pintas a los monumentos, hasta que pens\u00e9 que una de esas v\u00edctimas podr\u00eda ser mi sobrina\u201d, cuenta Camila, joven yucateca que por primera vez se sum\u00f3 al #8M en M\u00e9rida.<\/p>\n\n\n\n<p>Nunca se vio participando en una marcha, le molestaba ver los \u201clos actos vand\u00e1licos\u201d, criticaba a las que pintaban y aunque por primera vez se incendiaron carteles, vallas protectoras del Palacio, tablones de madera con el que proteg\u00edan los monumentos del Paseo de Montejo, \u00e9sta vez no le import\u00f3, se puso en los zapatos de las v\u00edctimas, de las familias que hoy est\u00e1n incompletas a causa del machismo, de la violencia feminicida.<\/p>\n\n\n\n<p>Ayer, en M\u00e9rida salieron a las calles unas 10 mil mujeres, sin importar edad, ni estatus social, el 8M sigue rompiendo esquemas, sumando aliadas, aliados, la cifra de manifestantes en las calles crece a\u00f1o con a\u00f1o, como la indignaci\u00f3n por la violencia en el pa\u00eds, en el estado y hasta en casa.<\/p>\n\n\n\n<p>\u201cAgradezcan que buscamos justicia, no venganza\u201d, \u201cLuchamos juntas porque por separado nos matan\u201d,\u201dMe visto para mi\u201d, \u201cCalladita no me veo m\u00e1s bonita\u201d, \u201cFeliz ser\u00e9 el d\u00eda que no falte ninguna\u201d.<\/p>\n\n\n\n<p>Si bien durante la marcha se realizaron pintas en el Palacio de Gobierno, una vez que concluy\u00f3 la manifestaci\u00f3n trabajadores estatales comenzaron la limpieza de las paredes, retiraron carteles y pintaron de verde otra vez; invisibilizando la protesta.<\/p>\n\n\n\n<p>Tambi\u00e9n tuvieron pintas el Palacio de la M\u00fasica, el Partido Acci\u00f3n Nacional -que tambi\u00e9n amaneci\u00f3 con pintura nueva.<\/p>\n\n\n\n<p>Casualmente durante la marcha 8M las luces de un sector del Paseo de Montejo no fueron encendidas, el Departamento de Servicios P\u00fablicos Municipales atribuy\u00f3 la falta de energ\u00eda a fallos en sus circuitos que se estaban reparando.<\/p>\n\n\n\n<p><\/p>\n<div class='share-to-whatsapp-wrapper'><div class='share-on-whsp'>Share on: <\/div><a data-text='8M: La marcha que inspira a otras mujeres' data-link='https:\/\/visionpeninsular.com\/mid\/la-marcha-de-las-mujeres-que-mueve-todo\/' class='whatsapp-button whatsapp-share'>WhatsApp<\/a><div class='clear '><\/div><\/div>","protected":false},"excerpt":{"rendered":"<p>&nbsp;M\u00e9rida, Yucat\u00e1n a 9 de marzo de 2023 (Redacci\u00f3n).- \u201cLlor\u00e9 y llor\u00e9 desde antes de llegar a donde estaban todas las mujeres reunidas alrededor del Monumento a la Marcha, yo era de las que se molestaba por las pintas a los monumentos, hasta que pens\u00e9 que una de esas v\u00edctimas podr\u00eda ser mi sobrina\u201d, cuenta &hellip;<\/p>\n","protected":false},"author":12,"featured_media":167967,"comment_status":"open","ping_status":"open","sticky":false,"template":"","format":"standard","meta":{"_mi_skip_tracking":false},"categories":[49,37],"tags":[144,26150,35417,343],"_links":{"self":[{"href":"https:\/\/visionpeninsular.com\/mid\/wp-json\/wp\/v2\/posts\/167965"}],"collection":[{"href":"https:\/\/visionpeninsular.com\/mid\/wp-json\/wp\/v2\/posts"}],"about":[{"href":"https:\/\/visionpeninsular.com\/mid\/wp-json\/wp\/v2\/types\/post"}],"author":[{"embeddable":true,"href":"https:\/\/visionpeninsular.com\/mid\/wp-json\/wp\/v2\/users\/12"}],"replies":[{"embeddable":true,"href":"https:\/\/visionpeninsular.com\/mid\/wp-json\/wp\/v2\/comments?post=167965"}],"version-history":[{"count":2,"href":"https:\/\/visionpeninsular.com\/mid\/wp-json\/wp\/v2\/posts\/167965\/revisions"}],"predecessor-version":[{"id":167970,"href":"https:\/\/visionpeninsular.com\/mid\/wp-json\/wp\/v2\/posts\/167965\/revisions\/167970"}],"wp:featuredmedia":[{"embeddable":true,"href":"https:\/\/visionpeninsular.com\/mid\/wp-json\/wp\/v2\/media\/167967"}],"wp:attachment":[{"href":"https:\/\/visionpeninsular.com\/mid\/wp-json\/wp\/v2\/media?parent=167965"}],"wp:term":[{"taxonomy":"category","embeddable":true,"href":"https:\/\/visionpeninsular.com\/mid\/wp-json\/wp\/v2\/categories?post=167965"},{"taxonomy":"post_tag","embeddable":true,"href":"https:\/\/visionpeninsular.com\/mid\/wp-json\/wp\/v2\/tags?post=167965"}],"curies":[{"name":"wp","href":"https:\/\/api.w.org\/{rel}","templated":true}]}}