{"id":167850,"date":"2023-03-07T11:04:10","date_gmt":"2023-03-07T17:04:10","guid":{"rendered":"https:\/\/visionpeninsular.com\/mid\/?p=167850"},"modified":"2023-03-07T11:04:12","modified_gmt":"2023-03-07T17:04:12","slug":"presentan-los-nuevos-libros-de-la-coleccion-juntos-trabajamos-por-la-inclusion","status":"publish","type":"post","link":"https:\/\/visionpeninsular.com\/mid\/presentan-los-nuevos-libros-de-la-coleccion-juntos-trabajamos-por-la-inclusion\/","title":{"rendered":"Presentan los nuevos libros de la colecci\u00f3n \u201cJuntos trabajamos por la inclusi\u00f3n\u201d"},"content":{"rendered":"\n<ul><li><strong><em>Se trata de seis tomos enfocados en la educaci\u00f3n inclusiva<\/em><\/strong><\/li><\/ul>\n\n\n\n<p>La Secretar\u00eda de Educaci\u00f3n del Gobierno del Estado, a trav\u00e9s de la Direcci\u00f3n de Educaci\u00f3n Especial present\u00f3 los nuevos seis tomos de la colecci\u00f3n \u201cJuntos trabajamos por la inclusi\u00f3n\u201d, libros que contienen sugerencias enfocadas a docentes, madres y padres de familia en relaci\u00f3n a la educaci\u00f3n inclusiva de estudiantes con necesidades educativas espec\u00edficas o con alguna discapacidad.<\/p>\n\n\n\n<p>La presentaci\u00f3n tuvo lugar en el auditorio \u201cJos\u00e9 Vasconcelos\u201d, donde se dieron a conocer los textos, los cuales, junto a los primeros cuatro, est\u00e1n disponibles de manera gratuita en versi\u00f3n impresa y digital, estos \u00faltimos se pueden descargar por tomo desde la secci\u00f3n de \u201cPublicaciones\u201d de la p\u00e1gina oficial de la Segey http:\/\/www.educacion.yucatan.gob.mx\/<\/p>\n\n\n\n<p>El evento estuvo encabezado por la directora general de Educaci\u00f3n B\u00e1sica, Linda Basto \u00c1vila; el director general de Desarrollo Educativo y Gesti\u00f3n Regional, Leonel Escalante Aguilar; el director de Educaci\u00f3n Especial, Jes\u00fas Valencia Mena; el coordinador estatal del Programa de Fortalecimiento a los Servicios de Educaci\u00f3n Especial, Genaro Burgos C\u00f3rdova y Nidia Le\u00f3n Escalante la psic\u00f3loga del CAM Motul en representaci\u00f3n de todos los autores y coautora del libro Discapacidad Motora.<\/p>\n\n\n\n<figure class=\"wp-block-image size-full\"><img loading=\"lazy\" width=\"700\" height=\"325\" src=\"https:\/\/visionpeninsular.com\/mid\/wp-content\/uploads\/2023\/03\/inclusion-seg-2.jpg\" alt=\"\" class=\"wp-image-167853\" srcset=\"https:\/\/visionpeninsular.com\/mid\/wp-content\/uploads\/2023\/03\/inclusion-seg-2.jpg 700w, https:\/\/visionpeninsular.com\/mid\/wp-content\/uploads\/2023\/03\/inclusion-seg-2-300x139.jpg 300w\" sizes=\"(max-width: 700px) 100vw, 700px\" \/><\/figure>\n\n\n\n<p>Esta estrategia se realiza en atenci\u00f3n a la instrucci\u00f3n del titular de la Segey, Liborio Vidal Aguilar, de brindar a los docentes y familias herramientas que fortalezcan la atenci\u00f3n c\u00e1lida, humana e inclusiva a las y los alumnos con necesidades educativas especiales o con alguna discapacidad.<\/p>\n\n\n\n<p>Valencia Mena, dijo que actualmente, aunque en el pa\u00eds existen avances en estos temas, a\u00fan se requieren acciones desde los diversos contextos que fortalezcan una atenci\u00f3n pertinente, es por ello que con la intenci\u00f3n de proporcionar estrategias y orientaciones de trabajo en las aulas que permitan eliminar o minimizar las barreras para el aprendizaje y la participaci\u00f3n de tipo pedag\u00f3gico en la escuela, se elaboraron seis libros nuevos de la colecci\u00f3n \u201cJuntos Trabajamos por la inclusi\u00f3n\u201d.<\/p>\n\n\n\n<p>Con los nuevos t\u00edtulos, suman 10 los tomos que abordan los siguientes temas: 1. Discapacidad m\u00faltiple, 2. Aptitudes Sobresalientes, 3. Discapacidad auditiva, 4. Taller de Formaci\u00f3n Laboral, (Estos cuatros primeros tomos ya se hab\u00edan publicado, pero recibieron una actualizaci\u00f3n de protocolos para esta segunda edici\u00f3n); 5. Discapacidad Intelectual, 6. Discapacidad Motriz, 7. Discapacidad Visual, 8. Dificultades Severas de Aprendizaje, 9. Dificultades Severas de Comunicaci\u00f3n y 10. Evaluaci\u00f3n Funcional.<\/p>\n\n\n\n<figure class=\"wp-block-image size-full\"><img loading=\"lazy\" width=\"800\" height=\"337\" src=\"https:\/\/visionpeninsular.com\/mid\/wp-content\/uploads\/2023\/03\/inclusion-seg-3.jpg\" alt=\"\" class=\"wp-image-167854\" srcset=\"https:\/\/visionpeninsular.com\/mid\/wp-content\/uploads\/2023\/03\/inclusion-seg-3.jpg 800w, https:\/\/visionpeninsular.com\/mid\/wp-content\/uploads\/2023\/03\/inclusion-seg-3-300x126.jpg 300w, https:\/\/visionpeninsular.com\/mid\/wp-content\/uploads\/2023\/03\/inclusion-seg-3-768x324.jpg 768w\" sizes=\"(max-width: 800px) 100vw, 800px\" \/><\/figure>\n\n\n\n<p>En la actividad participaron directores, supervisores de los servicios de Educaci\u00f3n Especial, Asesores T\u00e9cnicos Pedag\u00f3gicos (ATP) y jefes de servicios educativos de los diferentes niveles educativos de la Segey.<\/p>\n\n\n\n<p><\/p>\n\n\n\n<p><\/p>\n\n\n\n<p><\/p>\n\n\n\n<p><\/p>\n\n\n\n<p><\/p>\n\n\n\n<p><\/p>\n\n\n\n<p><\/p>\n\n\n\n<p><\/p>\n\n\n\n<p><\/p>\n\n\n\n<p><\/p>\n<div class='share-to-whatsapp-wrapper'><div class='share-on-whsp'>Share on: <\/div><a data-text='Presentan los nuevos libros de la colecci\u00f3n \u201cJuntos trabajamos por la inclusi\u00f3n\u201d' data-link='https:\/\/visionpeninsular.com\/mid\/presentan-los-nuevos-libros-de-la-coleccion-juntos-trabajamos-por-la-inclusion\/' class='whatsapp-button whatsapp-share'>WhatsApp<\/a><div class='clear '><\/div><\/div>","protected":false},"excerpt":{"rendered":"<p>Se trata de seis tomos enfocados en la educaci\u00f3n inclusiva La Secretar\u00eda de Educaci\u00f3n del Gobierno del Estado, a trav\u00e9s de la Direcci\u00f3n de Educaci\u00f3n Especial present\u00f3 los nuevos seis tomos de la colecci\u00f3n \u201cJuntos trabajamos por la inclusi\u00f3n\u201d, libros que contienen sugerencias enfocadas a docentes, madres y padres de familia en relaci\u00f3n a la &hellip;<\/p>\n","protected":false},"author":5,"featured_media":167852,"comment_status":"open","ping_status":"open","sticky":false,"template":"","format":"standard","meta":{"_mi_skip_tracking":false},"categories":[50,37],"tags":[35386,35385,604],"_links":{"self":[{"href":"https:\/\/visionpeninsular.com\/mid\/wp-json\/wp\/v2\/posts\/167850"}],"collection":[{"href":"https:\/\/visionpeninsular.com\/mid\/wp-json\/wp\/v2\/posts"}],"about":[{"href":"https:\/\/visionpeninsular.com\/mid\/wp-json\/wp\/v2\/types\/post"}],"author":[{"embeddable":true,"href":"https:\/\/visionpeninsular.com\/mid\/wp-json\/wp\/v2\/users\/5"}],"replies":[{"embeddable":true,"href":"https:\/\/visionpeninsular.com\/mid\/wp-json\/wp\/v2\/comments?post=167850"}],"version-history":[{"count":1,"href":"https:\/\/visionpeninsular.com\/mid\/wp-json\/wp\/v2\/posts\/167850\/revisions"}],"predecessor-version":[{"id":167855,"href":"https:\/\/visionpeninsular.com\/mid\/wp-json\/wp\/v2\/posts\/167850\/revisions\/167855"}],"wp:featuredmedia":[{"embeddable":true,"href":"https:\/\/visionpeninsular.com\/mid\/wp-json\/wp\/v2\/media\/167852"}],"wp:attachment":[{"href":"https:\/\/visionpeninsular.com\/mid\/wp-json\/wp\/v2\/media?parent=167850"}],"wp:term":[{"taxonomy":"category","embeddable":true,"href":"https:\/\/visionpeninsular.com\/mid\/wp-json\/wp\/v2\/categories?post=167850"},{"taxonomy":"post_tag","embeddable":true,"href":"https:\/\/visionpeninsular.com\/mid\/wp-json\/wp\/v2\/tags?post=167850"}],"curies":[{"name":"wp","href":"https:\/\/api.w.org\/{rel}","templated":true}]}}