{"id":167244,"date":"2023-02-23T10:34:56","date_gmt":"2023-02-23T16:34:56","guid":{"rendered":"https:\/\/visionpeninsular.com\/mid\/?p=167244"},"modified":"2023-02-23T10:34:58","modified_gmt":"2023-02-23T16:34:58","slug":"jornadas-academicas-de-capacitacion-fortalecen-servicio-educativo-en-educacion-preescolar","status":"publish","type":"post","link":"https:\/\/visionpeninsular.com\/mid\/jornadas-academicas-de-capacitacion-fortalecen-servicio-educativo-en-educacion-preescolar\/","title":{"rendered":"Jornadas Acad\u00e9micas de Capacitaci\u00f3n fortalecen servicio educativo en Educaci\u00f3n Preescolar"},"content":{"rendered":"\n<ul><li><strong><em>Docentes de Educaci\u00f3n Art\u00edstica y grupos art\u00edsticos del nivel participan en la formaci\u00f3n<\/em><\/strong><\/li><\/ul>\n\n\n\n<p>Para fortalecer el servicio educativo en nivel preescolar, T\u00e9cnicos Docentes de Educaci\u00f3n Art\u00edstica (TDEA) y grupos art\u00edsticos participaron en las Jornadas Acad\u00e9micas de Capacitaci\u00f3n, como parte de su formaci\u00f3n continua para mejorar su labor con los estudiantes.<\/p>\n\n\n\n<p>Esta actividad se llev\u00f3 a cabo en el Auditorio \u201cJos\u00e9 Vasconcelos\u201d del edificio central de la Secretar\u00eda de Educaci\u00f3n del Gobierno del Estado de Yucat\u00e1n (Segey), donde se dieron cita m\u00e1s de 130 docentes de M\u00e9rida y del interior del estado.<\/p>\n\n\n\n<p>El titular de la Segey, Liborio Vidal Aguilar afirm\u00f3 que, para mantener la calidad acad\u00e9mica en la asignatura de art\u00edstica en los niveles de primaria y secundaria, es importante iniciar desde temprana edad con el apoyo de maestras y maestros fortalecidos para brindar un servicio de calidad a las y los estudiantes.<\/p>\n\n\n\n<p>Adem\u00e1s, puntualiz\u00f3 que la presencia de los grupos art\u00edsticos durante las jornadas permite abrir un campo de posibilidades para los docentes de esta materia, pues podr\u00e1n solicitar este tipo de presentaciones art\u00edsticas en sus planteles con la intenci\u00f3n de que los alumnos aprendan de manera l\u00fadica y divertida.<\/p>\n\n\n\n<p>\u201cLa formaci\u00f3n continua a trav\u00e9s de estas capacitaciones es un ganar-ganar y demuestran el compromiso que tenemos todos como equipo educativo a favor de todos nuestros estudiantes\u201d, agreg\u00f3.<\/p>\n\n\n\n<p>La directora de Educaci\u00f3n Preescolar, Patricia L\u00f3pez Castillo, explic\u00f3 que de esta manera se genera un espacio donde las y los participantes puedan analizar las actividades que se presentaron y su vinculaci\u00f3n con los principales elementos de la nueva propuesta curricular; con el prop\u00f3sito de que ni\u00f1as y ni\u00f1os de este nivel educativo desarrollen el inter\u00e9s por esta asignatura, as\u00ed como sus habilidades art\u00edsticas.<\/p>\n\n\n\n<p>Durante la jornada se realizaron presentaciones tituladas, \u201cGuapa\u201d y \u201c\u00bfQui\u00e9n se rob\u00f3 mi lechuga?\u201d como una muestra la creatividad, recursos pedag\u00f3gicos y art\u00edsticos que se pueden integrar en un escenario.<\/p>\n\n\n\n<p>La encargada de la Coordinaci\u00f3n de Educaci\u00f3n Art\u00edstica de Inicial y Preescolar, Victoria Correa Rosado, detall\u00f3 que esta es la segunda jornada que se realiza en el presente ciclo escolar. La primera tuvo lugar en noviembre del a\u00f1o pasado y la tercera y \u00faltima se efectuar\u00e1 en el mes de junio.<\/p>\n\n\n\n<p>En la presentaci\u00f3n estuvo presente la directora general de Educaci\u00f3n B\u00e1sica, Linda Basto \u00c1vila.<\/p>\n<div class='share-to-whatsapp-wrapper'><div class='share-on-whsp'>Share on: <\/div><a data-text='Jornadas Acad\u00e9micas de Capacitaci\u00f3n fortalecen servicio educativo en Educaci\u00f3n Preescolar' data-link='https:\/\/visionpeninsular.com\/mid\/jornadas-academicas-de-capacitacion-fortalecen-servicio-educativo-en-educacion-preescolar\/' class='whatsapp-button whatsapp-share'>WhatsApp<\/a><div class='clear '><\/div><\/div>","protected":false},"excerpt":{"rendered":"<p>Docentes de Educaci\u00f3n Art\u00edstica y grupos art\u00edsticos del nivel participan en la formaci\u00f3n Para fortalecer el servicio educativo en nivel preescolar, T\u00e9cnicos Docentes de Educaci\u00f3n Art\u00edstica (TDEA) y grupos art\u00edsticos participaron en las Jornadas Acad\u00e9micas de Capacitaci\u00f3n, como parte de su formaci\u00f3n continua para mejorar su labor con los estudiantes. Esta actividad se llev\u00f3 a &hellip;<\/p>\n","protected":false},"author":5,"featured_media":167246,"comment_status":"open","ping_status":"open","sticky":false,"template":"","format":"standard","meta":{"_mi_skip_tracking":false},"categories":[50,37],"tags":[35211,35210,35209,604],"_links":{"self":[{"href":"https:\/\/visionpeninsular.com\/mid\/wp-json\/wp\/v2\/posts\/167244"}],"collection":[{"href":"https:\/\/visionpeninsular.com\/mid\/wp-json\/wp\/v2\/posts"}],"about":[{"href":"https:\/\/visionpeninsular.com\/mid\/wp-json\/wp\/v2\/types\/post"}],"author":[{"embeddable":true,"href":"https:\/\/visionpeninsular.com\/mid\/wp-json\/wp\/v2\/users\/5"}],"replies":[{"embeddable":true,"href":"https:\/\/visionpeninsular.com\/mid\/wp-json\/wp\/v2\/comments?post=167244"}],"version-history":[{"count":1,"href":"https:\/\/visionpeninsular.com\/mid\/wp-json\/wp\/v2\/posts\/167244\/revisions"}],"predecessor-version":[{"id":167247,"href":"https:\/\/visionpeninsular.com\/mid\/wp-json\/wp\/v2\/posts\/167244\/revisions\/167247"}],"wp:featuredmedia":[{"embeddable":true,"href":"https:\/\/visionpeninsular.com\/mid\/wp-json\/wp\/v2\/media\/167246"}],"wp:attachment":[{"href":"https:\/\/visionpeninsular.com\/mid\/wp-json\/wp\/v2\/media?parent=167244"}],"wp:term":[{"taxonomy":"category","embeddable":true,"href":"https:\/\/visionpeninsular.com\/mid\/wp-json\/wp\/v2\/categories?post=167244"},{"taxonomy":"post_tag","embeddable":true,"href":"https:\/\/visionpeninsular.com\/mid\/wp-json\/wp\/v2\/tags?post=167244"}],"curies":[{"name":"wp","href":"https:\/\/api.w.org\/{rel}","templated":true}]}}