{"id":167223,"date":"2023-02-23T09:05:09","date_gmt":"2023-02-23T15:05:09","guid":{"rendered":"https:\/\/visionpeninsular.com\/mid\/?p=167223"},"modified":"2023-02-23T09:05:10","modified_gmt":"2023-02-23T15:05:10","slug":"merida-comparte-a-colima-el-exitoso-programa-de-prevencion-del-delito-guardaparques","status":"publish","type":"post","link":"https:\/\/visionpeninsular.com\/mid\/merida-comparte-a-colima-el-exitoso-programa-de-prevencion-del-delito-guardaparques\/","title":{"rendered":"M\u00e9rida comparte a Colima el exitoso programa de prevenci\u00f3n del delito \u201cGuardaparques\u201d"},"content":{"rendered":"\n<ul><li><strong><em>Ren\u00e1n Barrera firmar\u00e1 un convenio de colaboraci\u00f3n con Margarita Moreno Gonz\u00e1lez, Alcaldesa de Colima, para hermanar los municipios.<\/em><\/strong><\/li><\/ul>\n\n\n\n<p>M\u00e9rida, Yucat\u00e1n a 22 de febrero de 2023.- Fomentar que las familias recuperen los espacios p\u00fablicos como puntos de convivencia y cuidado de la infraestructura urbana es el objetivo del programa \u201cGuardaparques\u201d, que impulsa el alcalde Ren\u00e1n Barrera y que debido al \u00e9xito que ha logrado se compartir\u00e1 a Colima para su pronta implementaci\u00f3n.<\/p>\n\n\n\n<p>Adem\u00e1s, M\u00e9rida es reconocida por otros municipios por la aplicaci\u00f3n de programas innovadores en los diferentes \u00e1mbitos de cultura, seguridad o administraci\u00f3n, para multiplicar las acciones que generen bienestar social a todos los municipios y las familias que residen en ellos.<\/p>\n\n\n\n<p>Dando cumplimiento a uno de los objetivos de la Asociaci\u00f3n de Ciudades Capitales de M\u00e9xico (ACCM) en materia de fortalecimiento de los municipios a trav\u00e9s de la asesor\u00eda e implementaci\u00f3n de programas y pol\u00edticas p\u00fablicas de \u00e9xito en otras partes del pa\u00eds, los municipios de M\u00e9rida y Colima firmaron una carta de intenci\u00f3n para replicar el programa Guardaparques.<\/p>\n\n\n\n<p>En el marco de la Sexta Reuni\u00f3n de Trabajo de la ACCM, la Presidenta Municipal de Colima, Margarita Moreno Gonz\u00e1lez, extern\u00f3 su inter\u00e9s por desarrollar este programa en su ciudad, pues permitir\u00e1 reforzar la convivencia sana y tranquila entre las familias.<\/p>\n\n\n\n<p>Al respecto, Barrera Concha explic\u00f3 que las reuniones de la Asociaci\u00f3n de Ciudades Capitales buscan precisamente ese intercambio de experiencias exitosas entre municipios en materia de programas y acciones en seguridad p\u00fablica, transparencia, administraci\u00f3n de los recursos p\u00fablicos, cuidado del medio ambiente, actividades culturales y desarrollo econ\u00f3mico.<\/p>\n\n\n\n<p>\u201cM\u00e9rida es reconocida a nivel nacional por sus \u00edndices de seguridad, siendo esto posible gracias a las estrategias de prevenci\u00f3n del delito que se implementan a trav\u00e9s de la Polic\u00eda Municipal y el programa Guardaparques, ya que se trabaja para convertir los espacios p\u00fablicos en zonas seguras y que permita fortalecer el tejido social a trav\u00e9s de la convivencia arm\u00f3nica\u201d, expres\u00f3.<\/p>\n\n\n\n<p>Esta firma de carta de intenci\u00f3n para elaborar un convenio de colaboraci\u00f3n con Colima para replicar el proyecto de Guardaparques, se iniciar\u00e1 una vez que ambos municipios sometan a consideraci\u00f3n y aprobaci\u00f3n de sus respectivos cabildos esta propuesta.<\/p>\n\n\n\n<p>El Alcalde record\u00f3 que este tipo de estrategias y pol\u00edticas p\u00fablicas que se aplican en la ciudad de M\u00e9rida es lo que la mantiene entre los primeros lugares en percepci\u00f3n de seguridad a nivel nacional e internacional, conforme a los resultados de la Encuesta Nacional de Seguridad P\u00fablica Urbana (ENSU) que se emiti\u00f3 el pasado mes de enero.<\/p>\n\n\n\n<figure class=\"wp-block-image size-full\"><img loading=\"lazy\" width=\"986\" height=\"657\" src=\"https:\/\/visionpeninsular.com\/mid\/wp-content\/uploads\/2023\/02\/Colima-2.jpeg\" alt=\"\" class=\"wp-image-167226\" srcset=\"https:\/\/visionpeninsular.com\/mid\/wp-content\/uploads\/2023\/02\/Colima-2.jpeg 986w, https:\/\/visionpeninsular.com\/mid\/wp-content\/uploads\/2023\/02\/Colima-2-300x200.jpeg 300w, https:\/\/visionpeninsular.com\/mid\/wp-content\/uploads\/2023\/02\/Colima-2-768x512.jpeg 768w\" sizes=\"(max-width: 986px) 100vw, 986px\" \/><\/figure>\n\n\n\n<p>Al respecto, la alcaldesa Margarita Moreno dijo que M\u00e9rida es sin duda un buen ejemplo de aplicar pol\u00edticas p\u00fablicas pertinentes y que eso ayuda a que la ciudad avance por el camino correcto.<\/p>\n\n\n\n<p>En ese sentido, felicit\u00f3 al alcalde Ren\u00e1n Barrera Concha por el trabajo que realiza no solo como presidente de la ACCM sino tambi\u00e9n al frente del Ayuntamiento de M\u00e9rida por lo que dijo intercambiar pol\u00edticas p\u00fablicas ser\u00e1 de gran impacto para su Municipio.<\/p>\n\n\n\n<p>\u201cM\u00e9rida es uno de los municipios que destaca a nivel nacional por su seguridad, adem\u00e1s de sus atractivos culturales, art\u00edsticos o gastron\u00f3micos, tambi\u00e9n se nota la seguridad en sus espacios p\u00fablicos, como son los parques, en donde las familias acuden a convivir, realizar deportes, aprovechar las \u00e1reas infantiles\u201d, destac\u00f3.<\/p>\n\n\n\n<p>Asimismo, agreg\u00f3 que trabajar de la mano con Barrera Concha, ser\u00e1 de gran ayuda y experiencia para fortalecer el trabajo que realiza al frente de la ciudad de Colima, porque uno de los objetivos de la ACCM es disminuir la curva de aprendizaje de las y los alcaldes, porque el tiempo al frente de una administraci\u00f3n es muy corto.<\/p>\n\n\n\n<p>\u201cRealmente es muy bueno para m\u00ed, que soy la primera mujer que llega como alcaldesa a la capital del Estado de Colima y creo que es de mucho provecho estar comparti\u00e9ndonos diferentes experiencias porque la curva de aprendizaje de un alcalde es muy corta y se trata de regionalizarnos cosas que ya son \u00e9xitos en otros municipios\u201d, coment\u00f3.<\/p>\n\n\n\n<p>En el caso de M\u00e9rida, el alcalde Ren\u00e1n Barrera dijo que actualmente 112 elementos se encuentran realizando labores de vigilancia en 52 parques de la ciudad, especialmente en los ubicados en las colonias del suroriente, surponiente y el centro de M\u00e9rida, donde se ha detectado que se requiere de este servicio.<\/p>\n\n\n\n<p>Finalmente, precis\u00f3 que, por ese motivo, este a\u00f1o se ampliar\u00e1 la cobertura a 25 parques m\u00e1s, por lo que en total se tendr\u00e1 presencia en 77 parques de M\u00e9rida.<\/p>\n<div class='share-to-whatsapp-wrapper'><div class='share-on-whsp'>Share on: <\/div><a data-text='M\u00e9rida comparte a Colima el exitoso programa de prevenci\u00f3n del delito \u201cGuardaparques\u201d' data-link='https:\/\/visionpeninsular.com\/mid\/merida-comparte-a-colima-el-exitoso-programa-de-prevencion-del-delito-guardaparques\/' class='whatsapp-button whatsapp-share'>WhatsApp<\/a><div class='clear '><\/div><\/div>","protected":false},"excerpt":{"rendered":"<p>Ren\u00e1n Barrera firmar\u00e1 un convenio de colaboraci\u00f3n con Margarita Moreno Gonz\u00e1lez, Alcaldesa de Colima, para hermanar los municipios. M\u00e9rida, Yucat\u00e1n a 22 de febrero de 2023.- Fomentar que las familias recuperen los espacios p\u00fablicos como puntos de convivencia y cuidado de la infraestructura urbana es el objetivo del programa \u201cGuardaparques\u201d, que impulsa el alcalde Ren\u00e1n &hellip;<\/p>\n","protected":false},"author":5,"featured_media":167225,"comment_status":"open","ping_status":"open","sticky":false,"template":"","format":"standard","meta":{"_mi_skip_tracking":false},"categories":[49,37],"tags":[41,35198,1233,14908,5338],"_links":{"self":[{"href":"https:\/\/visionpeninsular.com\/mid\/wp-json\/wp\/v2\/posts\/167223"}],"collection":[{"href":"https:\/\/visionpeninsular.com\/mid\/wp-json\/wp\/v2\/posts"}],"about":[{"href":"https:\/\/visionpeninsular.com\/mid\/wp-json\/wp\/v2\/types\/post"}],"author":[{"embeddable":true,"href":"https:\/\/visionpeninsular.com\/mid\/wp-json\/wp\/v2\/users\/5"}],"replies":[{"embeddable":true,"href":"https:\/\/visionpeninsular.com\/mid\/wp-json\/wp\/v2\/comments?post=167223"}],"version-history":[{"count":1,"href":"https:\/\/visionpeninsular.com\/mid\/wp-json\/wp\/v2\/posts\/167223\/revisions"}],"predecessor-version":[{"id":167227,"href":"https:\/\/visionpeninsular.com\/mid\/wp-json\/wp\/v2\/posts\/167223\/revisions\/167227"}],"wp:featuredmedia":[{"embeddable":true,"href":"https:\/\/visionpeninsular.com\/mid\/wp-json\/wp\/v2\/media\/167225"}],"wp:attachment":[{"href":"https:\/\/visionpeninsular.com\/mid\/wp-json\/wp\/v2\/media?parent=167223"}],"wp:term":[{"taxonomy":"category","embeddable":true,"href":"https:\/\/visionpeninsular.com\/mid\/wp-json\/wp\/v2\/categories?post=167223"},{"taxonomy":"post_tag","embeddable":true,"href":"https:\/\/visionpeninsular.com\/mid\/wp-json\/wp\/v2\/tags?post=167223"}],"curies":[{"name":"wp","href":"https:\/\/api.w.org\/{rel}","templated":true}]}}