{"id":166492,"date":"2023-02-08T21:29:13","date_gmt":"2023-02-09T03:29:13","guid":{"rendered":"https:\/\/visionpeninsular.com\/mid\/?p=166492"},"modified":"2023-02-08T21:29:14","modified_gmt":"2023-02-09T03:29:14","slug":"visitantes-internacionales-al-carnaval-de-merida-recibiran-informacion-en-ingles-o-frances","status":"publish","type":"post","link":"https:\/\/visionpeninsular.com\/mid\/visitantes-internacionales-al-carnaval-de-merida-recibiran-informacion-en-ingles-o-frances\/","title":{"rendered":"Visitantes internacionales al Carnaval de M\u00e9rida recibir\u00e1n informaci\u00f3n en ingl\u00e9s o franc\u00e9s"},"content":{"rendered":"\n<h2>\u2022La Direcci\u00f3n Municipal de Desarrollo Econ\u00f3mico y Tur\u00edstico quiere convertir las carnestolendas en un producto tur\u00edstico <\/h2>\n\n\n\n<p>M\u00e9rida, Yucat\u00e1n, a 8 de febrero de 2023.\u2013 Con el objetivo de posicionar el carnaval de M\u00e9rida como un producto tur\u00edstico que genera grandes beneficios econ\u00f3micos para la ciudad, la Direcci\u00f3n de Desarrollo Econ\u00f3mico y Tur\u00edstico del Ayuntamiento de M\u00e9rida instalar\u00e1 un m\u00f3dulo de informaci\u00f3n en espa\u00f1ol para los visitantes nacionales y en su lengua materna para los extranjeros.<\/p>\n\n\n\n<p>El titular de la dependencia municipal, Jos\u00e9 Luis Mart\u00ednez Semerena, dio a conocer que este m\u00f3dulo se instalar\u00e1 en la entrada de Plaza Carnaval del 17 al 21 de febrero. Los turistas internacionales recibir\u00e1n la informaci\u00f3n en ingl\u00e9s o franc\u00e9s.<\/p>\n\n\n\n<p>Las carnestolendas, afirm\u00f3, en Am\u00e9rica Latina dejan una derrama econ\u00f3mica de 1,400 millones de d\u00f3lares. La hoteler\u00eda es uno de los sectores m\u00e1s beneficiados, pues en los d\u00edas de fiestas registran una ocupaci\u00f3n que oscila del 70% al 80%.<\/p>\n\n\n\n<p>Por otra parte, la Direcci\u00f3n Municipal entreg\u00f3 pulseras a los hoteleros que, a su vez, distribuir\u00e1n a los turistas nacionales e internacionales, quienes quieran acudir al recinto ferial. Cuando lleguen, se le mandar\u00e1 al m\u00f3dulo para indicarles los conciertos o brindarles la informaci\u00f3n por parte de la dependencia en caso de que no hablen el espa\u00f1ol.<\/p>\n\n\n\n<figure class=\"wp-block-image size-large\"><img loading=\"lazy\" width=\"1024\" height=\"461\" src=\"https:\/\/visionpeninsular.com\/mid\/wp-content\/uploads\/2023\/02\/Screenshot_20230208-205737-1024x461.png\" alt=\"\" class=\"wp-image-166494\" srcset=\"https:\/\/visionpeninsular.com\/mid\/wp-content\/uploads\/2023\/02\/Screenshot_20230208-205737-1024x461.png 1024w, https:\/\/visionpeninsular.com\/mid\/wp-content\/uploads\/2023\/02\/Screenshot_20230208-205737-300x135.png 300w, https:\/\/visionpeninsular.com\/mid\/wp-content\/uploads\/2023\/02\/Screenshot_20230208-205737-768x346.png 768w, https:\/\/visionpeninsular.com\/mid\/wp-content\/uploads\/2023\/02\/Screenshot_20230208-205737-1536x691.png 1536w, https:\/\/visionpeninsular.com\/mid\/wp-content\/uploads\/2023\/02\/Screenshot_20230208-205737.png 1600w\" sizes=\"(max-width: 1024px) 100vw, 1024px\" \/><figcaption>Jos\u00e9 Luis Mart\u00ednez Semerena, director de Desarrollo Econ\u00f3mico y Tur\u00edstico, asegur\u00f3 que en Plaza Carvanal se instal\u00f3 un m\u00f3dulo para visitantes nacionales y extranjeros (CR\u00c9DITO: Visi\u00f3n Peninsular)<\/figcaption><\/figure>\n<div class='share-to-whatsapp-wrapper'><div class='share-on-whsp'>Share on: <\/div><a data-text='Visitantes internacionales al Carnaval de M\u00e9rida recibir\u00e1n informaci\u00f3n en ingl\u00e9s o franc\u00e9s' data-link='https:\/\/visionpeninsular.com\/mid\/visitantes-internacionales-al-carnaval-de-merida-recibiran-informacion-en-ingles-o-frances\/' class='whatsapp-button whatsapp-share'>WhatsApp<\/a><div class='clear '><\/div><\/div>","protected":false},"excerpt":{"rendered":"<p>\u2022La Direcci\u00f3n Municipal de Desarrollo Econ\u00f3mico y Tur\u00edstico quiere convertir las carnestolendas en un producto tur\u00edstico M\u00e9rida, Yucat\u00e1n, a 8 de febrero de 2023.\u2013 Con el objetivo de posicionar el carnaval de M\u00e9rida como un producto tur\u00edstico que genera grandes beneficios econ\u00f3micos para la ciudad, la Direcci\u00f3n de Desarrollo Econ\u00f3mico y Tur\u00edstico del Ayuntamiento de &hellip;<\/p>\n","protected":false},"author":11,"featured_media":166494,"comment_status":"open","ping_status":"open","sticky":false,"template":"","format":"standard","meta":{"_mi_skip_tracking":false},"categories":[49,37],"tags":[31665,13607,14558,77],"_links":{"self":[{"href":"https:\/\/visionpeninsular.com\/mid\/wp-json\/wp\/v2\/posts\/166492"}],"collection":[{"href":"https:\/\/visionpeninsular.com\/mid\/wp-json\/wp\/v2\/posts"}],"about":[{"href":"https:\/\/visionpeninsular.com\/mid\/wp-json\/wp\/v2\/types\/post"}],"author":[{"embeddable":true,"href":"https:\/\/visionpeninsular.com\/mid\/wp-json\/wp\/v2\/users\/11"}],"replies":[{"embeddable":true,"href":"https:\/\/visionpeninsular.com\/mid\/wp-json\/wp\/v2\/comments?post=166492"}],"version-history":[{"count":1,"href":"https:\/\/visionpeninsular.com\/mid\/wp-json\/wp\/v2\/posts\/166492\/revisions"}],"predecessor-version":[{"id":166495,"href":"https:\/\/visionpeninsular.com\/mid\/wp-json\/wp\/v2\/posts\/166492\/revisions\/166495"}],"wp:featuredmedia":[{"embeddable":true,"href":"https:\/\/visionpeninsular.com\/mid\/wp-json\/wp\/v2\/media\/166494"}],"wp:attachment":[{"href":"https:\/\/visionpeninsular.com\/mid\/wp-json\/wp\/v2\/media?parent=166492"}],"wp:term":[{"taxonomy":"category","embeddable":true,"href":"https:\/\/visionpeninsular.com\/mid\/wp-json\/wp\/v2\/categories?post=166492"},{"taxonomy":"post_tag","embeddable":true,"href":"https:\/\/visionpeninsular.com\/mid\/wp-json\/wp\/v2\/tags?post=166492"}],"curies":[{"name":"wp","href":"https:\/\/api.w.org\/{rel}","templated":true}]}}