{"id":165885,"date":"2023-01-25T11:00:37","date_gmt":"2023-01-25T17:00:37","guid":{"rendered":"https:\/\/visionpeninsular.com\/mid\/?p=165885"},"modified":"2023-01-25T11:00:54","modified_gmt":"2023-01-25T17:00:54","slug":"una-limpieza-a-fondo","status":"publish","type":"post","link":"https:\/\/visionpeninsular.com\/mid\/una-limpieza-a-fondo\/","title":{"rendered":"Una limpieza a fondo"},"content":{"rendered":"\n<p>Sergio Aguayo*<\/p>\n\n\n\n<p>Fuente: Diario de Yucat\u00e1n<\/p>\n\n\n\n<p>Si ya empezaron las campa\u00f1as presidenciales, las y los aspirantes deben difundir sus posturas sobre los grandes problemas nacionales. Uno, transversal, es lo que est\u00e1 pasando en las universidades.<\/p>\n\n\n\n<p>El jueves de la semana pasada las 211 instituciones que integran la Asociaci\u00f3n Nacional de Universidades e Instituciones de Educaci\u00f3n Superior (ANUIES) eligieron a Luis Gonz\u00e1lez Placencia como secretario ejecutivo para los pr\u00f3ximos cuatro a\u00f1os.<\/p>\n\n\n\n<p>En su presentaci\u00f3n ante la asamblea, Gonz\u00e1lez Placencia puso como prioridades las amenazas a la autonom\u00eda, el estancamiento presupuestal, el deterioro de la calidad educativa y las violencias que las aquejan. En este texto comento la autonom\u00eda y las finanzas.<\/p>\n\n\n\n<p>Poco despu\u00e9s de instalarse en Palacio Nacional, el presidente sac\u00f3 a relucir una veta antiuniversitaria en la que ignora y descalifica a las instituciones de educaci\u00f3n superior por considerarlas un reducto del conservadurismo neoliberal.<\/p>\n\n\n\n<p>Esa categorizaci\u00f3n ha inspirado la persecuci\u00f3n judicial de cient\u00edficos y acad\u00e9micos desplegada por la titular de Conacyt aliada con un fiscal general plagiario; la ofensiva brutal contra el CIDE y, por supuesto, el respaldo incondicional a la ministra plagiaria.<\/p>\n\n\n\n<p>El viernes de la semana pasada el rector de la UNAM, Enrique Graue, respondi\u00f3 a las exigencias y exabruptos del presidente inform\u00e1ndole que la UNAM ejercer\u00e1 su autonom\u00eda y se regir\u00e1 por su normatividad. La UNAM \u2014dijo\u2014 se tomar\u00e1 el tiempo necesario para analizar a fondo el complejo y resbaladizo asunto de la plagiaria a la cual, por cierto, dar\u00e1 audiencia.<\/p>\n\n\n\n<p>Se entiende la cautela porque la institucionalidad universitaria es la mejor defensa frente a la franja antiuniversitaria de la 4T y porque este a\u00f1o la UNAM elegir\u00e1 nuevo rector o rectora y desean evitar interferencias ileg\u00edtimas.<\/p>\n\n\n\n<p>El dilema para el rector y el Consejo Universitario est\u00e1 en que tampoco pueden desentenderse de la indignaci\u00f3n causada por el tr\u00e1fico de tesis observado. Si existi\u00f3 la \u201cestafa maestra\u201d pe\u00f1anietista fue por las redes de corrupci\u00f3n enquistadas en un buen n\u00famero de universidades. La mejor defensa de la autonom\u00eda universitaria debe ser una limpieza a fondo que regenere a la UNAM y sea ejemplo para otras instituciones.<\/p>\n\n\n\n<p>El aspecto financiero tambi\u00e9n es prioridad de la nueva mesa directiva de la ANUIES. L\u00f3gico, porque la austeridad republicana ha golpeado al sector.<\/p>\n\n\n\n<p>El Centro de Estudios de las Finanzas P\u00fablicas de la C\u00e1mara de Diputados le pone n\u00fameros a la inversi\u00f3n federal en ciencia, tecnolog\u00eda e innovaci\u00f3n: en 2018 fueron 60 mil millones de pesos (mmp), en 2021 50 mmp. Hay mermas en sus ingresos.<\/p>\n\n\n\n<p>La Ley General de Educaci\u00f3n Superior de 2021 tiene buenas intenciones y aspectos positivos, pero tambi\u00e9n golpea a las enclenques finanzas universitarias. Desde la l\u00f3gica de reducci\u00f3n de las desigualdades es saludable la inclusi\u00f3n en la Constituci\u00f3n del derecho a una educaci\u00f3n superior gratuita.<\/p>\n\n\n\n<p>El problema surge cuando la prohibici\u00f3n constitucional de cobrar cuotas no es compensada por el gobierno federal. La reducci\u00f3n en los ingresos para las universidades dificulta expandir la matr\u00edcula y mejorar la calidad de la educaci\u00f3n.<\/p>\n\n\n\n<p>En el pr\u00f3ximo bienio se mantendr\u00e1, supongo, la dualidad de las pol\u00edticas de la 4T. Una corriente continuar\u00e1 con sus ataques y descalificaciones a las universidades justific\u00e1ndose en el combate al neoliberalismo; otra, es la corriente conciliadora que encabeza el subsecretario de Educaci\u00f3n Superior, Luciano Concheiro B\u00f3rquez, un militante de izquierda dispuesto al di\u00e1logo con respeto al otro. Sus buenas relaciones con el nuevo secretario de la ANUIES hacen abrigar esperanzas de que existe un espacio para la construcci\u00f3n de entendimientos.<\/p>\n\n\n\n<p>Falta poco para que se incremente la circulaci\u00f3n de los proyectos de naci\u00f3n de quienes aspiran a la presidencia de la rep\u00fablica o desean incidir en el proceso electoral. En esa agenda de futuro sobre los grandes problemas nacionales incluyamos a las universidades. Por supuesto que son necesarias reformas de todo tipo, pero tambi\u00e9n es indispensable que la autoridad est\u00e9 dispuesta a dialogar con ellos rechazando las imposiciones de quienes desean arrebatarnos el derecho a opinar sobre nuestro destino.<\/p>\n\n\n\n<p>Agradezco las sugerencias e informaci\u00f3n proporcionada por el doctor Cristian Sol\u00f3rzano, miembro de El Colegio de M\u00e9xico.\u2014 Boston, Massachusetts.<\/p>\n\n\n\n<p>@sergioaguayo<\/p>\n\n\n\n<p>*Investigador y analista<\/p>\n<div class='share-to-whatsapp-wrapper'><div class='share-on-whsp'>Share on: <\/div><a data-text='Una limpieza a fondo' data-link='https:\/\/visionpeninsular.com\/mid\/una-limpieza-a-fondo\/' class='whatsapp-button whatsapp-share'>WhatsApp<\/a><div class='clear '><\/div><\/div>","protected":false},"excerpt":{"rendered":"<p>Sergio Aguayo* Fuente: Diario de Yucat\u00e1n Si ya empezaron las campa\u00f1as presidenciales, las y los aspirantes deben difundir sus posturas sobre los grandes problemas nacionales. Uno, transversal, es lo que est\u00e1 pasando en las universidades. El jueves de la semana pasada las 211 instituciones que integran la Asociaci\u00f3n Nacional de Universidades e Instituciones de Educaci\u00f3n &hellip;<\/p>\n","protected":false},"author":5,"featured_media":149239,"comment_status":"open","ping_status":"open","sticky":false,"template":"","format":"standard","meta":{"_mi_skip_tracking":false},"categories":[44],"tags":[34799,34800,34801,2211],"_links":{"self":[{"href":"https:\/\/visionpeninsular.com\/mid\/wp-json\/wp\/v2\/posts\/165885"}],"collection":[{"href":"https:\/\/visionpeninsular.com\/mid\/wp-json\/wp\/v2\/posts"}],"about":[{"href":"https:\/\/visionpeninsular.com\/mid\/wp-json\/wp\/v2\/types\/post"}],"author":[{"embeddable":true,"href":"https:\/\/visionpeninsular.com\/mid\/wp-json\/wp\/v2\/users\/5"}],"replies":[{"embeddable":true,"href":"https:\/\/visionpeninsular.com\/mid\/wp-json\/wp\/v2\/comments?post=165885"}],"version-history":[{"count":1,"href":"https:\/\/visionpeninsular.com\/mid\/wp-json\/wp\/v2\/posts\/165885\/revisions"}],"predecessor-version":[{"id":165887,"href":"https:\/\/visionpeninsular.com\/mid\/wp-json\/wp\/v2\/posts\/165885\/revisions\/165887"}],"wp:featuredmedia":[{"embeddable":true,"href":"https:\/\/visionpeninsular.com\/mid\/wp-json\/wp\/v2\/media\/149239"}],"wp:attachment":[{"href":"https:\/\/visionpeninsular.com\/mid\/wp-json\/wp\/v2\/media?parent=165885"}],"wp:term":[{"taxonomy":"category","embeddable":true,"href":"https:\/\/visionpeninsular.com\/mid\/wp-json\/wp\/v2\/categories?post=165885"},{"taxonomy":"post_tag","embeddable":true,"href":"https:\/\/visionpeninsular.com\/mid\/wp-json\/wp\/v2\/tags?post=165885"}],"curies":[{"name":"wp","href":"https:\/\/api.w.org\/{rel}","templated":true}]}}