{"id":165844,"date":"2023-01-24T12:30:25","date_gmt":"2023-01-24T18:30:25","guid":{"rendered":"https:\/\/visionpeninsular.com\/mid\/?p=165844"},"modified":"2023-01-24T12:30:41","modified_gmt":"2023-01-24T18:30:41","slug":"el-libro-nadie-en-casa-retrata-historias-duras-a-traves-del-cuento","status":"publish","type":"post","link":"https:\/\/visionpeninsular.com\/mid\/el-libro-nadie-en-casa-retrata-historias-duras-a-traves-del-cuento\/","title":{"rendered":"El libro \u201cNadie en casa\u201d  retrata historias duras a trav\u00e9s del cuento"},"content":{"rendered":"\n<ul><li><strong><em>Present\u00f3 su primer texto el tambi\u00e9n m\u00e9dico Alonso Mar\u00edn Ram\u00edrez<\/em><\/strong>.<\/li><\/ul>\n\n\n\n<p>Ausencias de padres e hijos, verdades inc\u00f3modas, lo que la gente esconde y enfermedades que se confunden con excesos, se desarrollan en Nadie en casa, primer libro de Alonso Mar\u00edn Ram\u00edrez, que editaron la Secretar\u00eda de la Cultura y las Artes (Sedeculta) y Ficticia.<\/p>\n\n\n\n<p>Ante la titular de la dependencia estatal, Loreto Villanueva Trujillo, el autor, tambi\u00e9n psiquiatra, explic\u00f3 que los temas giran alrededor de sus intereses y preocupaciones, sobre todo la muerte, las vivencias de quienes se van o quedan, la muerte, la homosexualidad, la infidelidad, el abandono y la prostituci\u00f3n.<\/p>\n\n\n\n<p>Durante la presentaci\u00f3n, realizada en la Biblioteca P\u00fablica Central \u201cManuel Cepeda Peraza\u201d, con comentarios de Roberto Azcorra C\u00e1mara y Carlos Mart\u00edn Brice\u00f1o, y gu\u00eda de Joaqu\u00edn Tamayo, el escritor refiri\u00f3 que termin\u00f3 de redactar esta obra, de 117 p\u00e1ginas, hace siete a\u00f1os.<\/p>\n\n\n\n<p>Est\u00e1 a la venta en el recinto se\u00f1alado y la integran 13 cuentos, el m\u00e1s antiguo tiene alrededor de una d\u00e9cada; la mayor\u00eda de los trabajos muestra influencias de la literatura norteamericana, con historias duras mediante las cuales se busca establecer proximidad con el p\u00fablico.<\/p>\n\n\n\n<p>\u201cQuiero que el lector pueda encontrarse en el texto y uno de los objetivos es que, a trav\u00e9s de cierta frase o experiencia, el lector pueda encontrarse entre s\u00ed y lo lleven a la reflexi\u00f3n; mi trabajo es estar de cerca con la persona y escucharla\u201d, precis\u00f3 Mar\u00edn Ram\u00edrez.<\/p>\n\n\n\n<p>Por su parte, Mart\u00edn Brice\u00f1o subray\u00f3 que el volumen re\u00fane algunos de los mejores relatos que Alonso ha creado; con una tensi\u00f3n contenida y lenguaje preciso, golpean a quienes los leen hasta noquearlos en los \u00faltimos p\u00e1rrafos, pero tambi\u00e9n requieren su complicidad.<\/p>\n\n\n\n<p>Azcorra C\u00e1mara dijo que los cuentos, memorables y de narraci\u00f3n cuidada, se enmarcan en el realismo sucio, movimiento que se caracteriza por mostrar personajes abatidos, que viven una dolencia. El libro incluye \u201cYa no hay conversaci\u00f3n\u201d, \u201cCu\u00e1nto tiempo nos dur\u00f3\u201d y \u201cNo creo que le moleste la lluvia\u201d.<\/p>\n\n\n\n<p>Tambi\u00e9n, \u201cLo vamos a encontrar\u201d, \u201cLos muertos jam\u00e1s tienen hambre\u201d, \u201cEl auto que compr\u00f3 Dostoievski\u201d, \u201cUn lugar llamado Riverside\u201d, \u201cAunque parezca demasiado tarde\u201d, \u201cNo puedo entender\u201d, \u201c\u00bfQui\u00e9n es John Doe?\u201d, \u201cLa balada del infante marica\u201d y \u201cEl pr\u00edncipe del silencio\u201d, este \u00faltimo dedicado a Mauricio Carrera.<\/p>\n\n\n\n<p>Las primeras inspiraciones literarias del m\u00e9dico fueron Edgar Allan Poe, Hugo Borges y Julio Cort\u00e1zar; con el tiempo, tom\u00f3 talleres, como los que ofrece la Sedeculta, para mejorar su estilo.<\/p>\n\n\n\n<p>Obtuvo menciones honor\u00edficas en las ediciones 2017, 2018, 2020 y 2021 del Premio Nacional de Cuento \u201cBeatriz Espejo\u201d, y en 2019, gan\u00f3 primer lugar en Ensayo y segundo en Cuento, en la edici\u00f3n 50 del concurso de la revista Punto de Partida, de la Universidad Nacional Aut\u00f3noma de M\u00e9xico (UNAM).<\/p>\n<div class='share-to-whatsapp-wrapper'><div class='share-on-whsp'>Share on: <\/div><a data-text='El libro \u201cNadie en casa\u201d  retrata historias duras a trav\u00e9s del cuento' data-link='https:\/\/visionpeninsular.com\/mid\/el-libro-nadie-en-casa-retrata-historias-duras-a-traves-del-cuento\/' class='whatsapp-button whatsapp-share'>WhatsApp<\/a><div class='clear '><\/div><\/div>","protected":false},"excerpt":{"rendered":"<p>Present\u00f3 su primer texto el tambi\u00e9n m\u00e9dico Alonso Mar\u00edn Ram\u00edrez. Ausencias de padres e hijos, verdades inc\u00f3modas, lo que la gente esconde y enfermedades que se confunden con excesos, se desarrollan en Nadie en casa, primer libro de Alonso Mar\u00edn Ram\u00edrez, que editaron la Secretar\u00eda de la Cultura y las Artes (Sedeculta) y Ficticia. Ante &hellip;<\/p>\n","protected":false},"author":5,"featured_media":165846,"comment_status":"open","ping_status":"open","sticky":false,"template":"","format":"standard","meta":{"_mi_skip_tracking":false},"categories":[50,37],"tags":[34786,1765,1557],"_links":{"self":[{"href":"https:\/\/visionpeninsular.com\/mid\/wp-json\/wp\/v2\/posts\/165844"}],"collection":[{"href":"https:\/\/visionpeninsular.com\/mid\/wp-json\/wp\/v2\/posts"}],"about":[{"href":"https:\/\/visionpeninsular.com\/mid\/wp-json\/wp\/v2\/types\/post"}],"author":[{"embeddable":true,"href":"https:\/\/visionpeninsular.com\/mid\/wp-json\/wp\/v2\/users\/5"}],"replies":[{"embeddable":true,"href":"https:\/\/visionpeninsular.com\/mid\/wp-json\/wp\/v2\/comments?post=165844"}],"version-history":[{"count":1,"href":"https:\/\/visionpeninsular.com\/mid\/wp-json\/wp\/v2\/posts\/165844\/revisions"}],"predecessor-version":[{"id":165847,"href":"https:\/\/visionpeninsular.com\/mid\/wp-json\/wp\/v2\/posts\/165844\/revisions\/165847"}],"wp:featuredmedia":[{"embeddable":true,"href":"https:\/\/visionpeninsular.com\/mid\/wp-json\/wp\/v2\/media\/165846"}],"wp:attachment":[{"href":"https:\/\/visionpeninsular.com\/mid\/wp-json\/wp\/v2\/media?parent=165844"}],"wp:term":[{"taxonomy":"category","embeddable":true,"href":"https:\/\/visionpeninsular.com\/mid\/wp-json\/wp\/v2\/categories?post=165844"},{"taxonomy":"post_tag","embeddable":true,"href":"https:\/\/visionpeninsular.com\/mid\/wp-json\/wp\/v2\/tags?post=165844"}],"curies":[{"name":"wp","href":"https:\/\/api.w.org\/{rel}","templated":true}]}}