{"id":165795,"date":"2023-01-23T22:06:19","date_gmt":"2023-01-24T04:06:19","guid":{"rendered":"https:\/\/visionpeninsular.com\/mid\/?p=165795"},"modified":"2023-01-23T22:06:31","modified_gmt":"2023-01-24T04:06:31","slug":"piden-a-magistrados-de-la-scjn-defender-las-jubilaciones-y-prestaciones","status":"publish","type":"post","link":"https:\/\/visionpeninsular.com\/mid\/piden-a-magistrados-de-la-scjn-defender-las-jubilaciones-y-prestaciones\/","title":{"rendered":"Piden a magistrados de la SCJN defender las jubilaciones y prestaciones"},"content":{"rendered":"\n<h2 class=\"has-text-align-center\">\u2022Jubilados y pensionados de M\u00e9xico movilizados para que se derogue la reforma a la Ley del IMSS y el Sistema de Ahorro para el Retiro<\/h2>\n\n\n\n<p>M\u00e9rida, Yucat\u00e1n, a 23 de enero de 2023.\u2013 Preocupados y temerosos de perder sus pensiones, jubilaciones y prestaciones ganadas a lo largo de los a\u00f1os, agrupaciones de trabajadores de Yucat\u00e1n hicieron un llamado a los magistrados de la Segunda Sala de la Suprema Corte de Justicia de la Naci\u00f3n (SCJN) para que voten a favor del amparo interpuesto el pasado 8 de marzo de 2021 y &nbsp;se suprima el decreto que reforma, adiciona y deroga diversas disposiciones de la Ley del IMSS y el Sistema de Ahorro para el Retiro, que se public\u00f3 el pasado 16 de diciembre de 2020 en el Diario Oficial de la Federaci\u00f3n (DOF).<\/p>\n\n\n\n<p>Dicho decreto, que ya es ley, est\u00e1 lesionando los derechos que han adquirido los trabajadores en el pa\u00eds, a la vez que se vulnera los salarios de los trabajadores y de los trabajadores en retiro y adem\u00e1s hay una regresi\u00f3n en la pol\u00edtica que tiene que ver con el universo del movimiento obrero sindical de M\u00e9xico, afirm\u00f3 Pedro Quijano Uc, secretario de la Confederaci\u00f3n de Jubilados, Pensionados y Adultos mayores de Rep\u00fablica, en rueda de prensa.<\/p>\n\n\n\n<p>Hay una violaci\u00f3n a una fracci\u00f3n del 123 Constitucional que establece que los salarios deben ser suficientes para comer, garantizar la educaci\u00f3n, vestuario y recreaci\u00f3n, as\u00ed como de convenios internacionales que se tienen firmado, se\u00f1al\u00f3.<\/p>\n\n\n\n<p>Los togados sesionar\u00e1n el mi\u00e9rcoles 25 a las 11 horas, por lo que en diferentes ciudades de la Rep\u00fablica, a las 10 de la ma\u00f1ana, har\u00e1n manifestaciones para llamar la atenci\u00f3n de los magistrados y el fallo sea en su favor.<\/p>\n\n\n\n<p>De ser negativa la resoluci\u00f3n, advirtieron que acudir\u00edan a la Corte Interamericana y la Convenci\u00f3n Americana sobre Derechos Humanos \u201cPacto San Jos\u00e9\u201d para defender los derechos jur\u00eddicamente de la clase trabajadora de M\u00e9xico, pues con dicha sentencia se cierran las puertas en la normatividad legal en el \u00e1mbito laboral del pa\u00eds.<\/p>\n\n\n\n<figure class=\"wp-block-image size-large\"><img loading=\"lazy\" width=\"1024\" height=\"768\" src=\"https:\/\/visionpeninsular.com\/mid\/wp-content\/uploads\/2023\/01\/WhatsApp-Image-2023-01-23-at-11.57.01-AM-1024x768.jpeg\" alt=\"\" class=\"wp-image-165797\" srcset=\"https:\/\/visionpeninsular.com\/mid\/wp-content\/uploads\/2023\/01\/WhatsApp-Image-2023-01-23-at-11.57.01-AM-1024x768.jpeg 1024w, https:\/\/visionpeninsular.com\/mid\/wp-content\/uploads\/2023\/01\/WhatsApp-Image-2023-01-23-at-11.57.01-AM-300x225.jpeg 300w, https:\/\/visionpeninsular.com\/mid\/wp-content\/uploads\/2023\/01\/WhatsApp-Image-2023-01-23-at-11.57.01-AM-768x576.jpeg 768w, https:\/\/visionpeninsular.com\/mid\/wp-content\/uploads\/2023\/01\/WhatsApp-Image-2023-01-23-at-11.57.01-AM.jpeg 1280w\" sizes=\"(max-width: 1024px) 100vw, 1024px\" \/><figcaption> Pedro Quijano Uc, secretario de la Confederaci\u00f3n de Jubilados, pensionados y Adultos mayores de Rep\u00fablica, llam\u00f3 a los magistrados de la Segunda Sala de la Suprema Corte de Justicia de la Naci\u00f3n (SCJN) a votar en favor del amparo que presentaron (CR\u00c9DITO: Cortes\u00eda)<\/figcaption><\/figure>\n<div class='share-to-whatsapp-wrapper'><div class='share-on-whsp'>Share on: <\/div><a data-text='Piden a magistrados de la SCJN defender las jubilaciones y prestaciones' data-link='https:\/\/visionpeninsular.com\/mid\/piden-a-magistrados-de-la-scjn-defender-las-jubilaciones-y-prestaciones\/' class='whatsapp-button whatsapp-share'>WhatsApp<\/a><div class='clear '><\/div><\/div>","protected":false},"excerpt":{"rendered":"<p>\u2022Jubilados y pensionados de M\u00e9xico movilizados para que se derogue la reforma a la Ley del IMSS y el Sistema de Ahorro para el Retiro M\u00e9rida, Yucat\u00e1n, a 23 de enero de 2023.\u2013 Preocupados y temerosos de perder sus pensiones, jubilaciones y prestaciones ganadas a lo largo de los a\u00f1os, agrupaciones de trabajadores de Yucat\u00e1n &hellip;<\/p>\n","protected":false},"author":11,"featured_media":165797,"comment_status":"open","ping_status":"open","sticky":false,"template":"","format":"standard","meta":{"_mi_skip_tracking":false},"categories":[49,37],"tags":[34773,34770,34772,34771,31989],"_links":{"self":[{"href":"https:\/\/visionpeninsular.com\/mid\/wp-json\/wp\/v2\/posts\/165795"}],"collection":[{"href":"https:\/\/visionpeninsular.com\/mid\/wp-json\/wp\/v2\/posts"}],"about":[{"href":"https:\/\/visionpeninsular.com\/mid\/wp-json\/wp\/v2\/types\/post"}],"author":[{"embeddable":true,"href":"https:\/\/visionpeninsular.com\/mid\/wp-json\/wp\/v2\/users\/11"}],"replies":[{"embeddable":true,"href":"https:\/\/visionpeninsular.com\/mid\/wp-json\/wp\/v2\/comments?post=165795"}],"version-history":[{"count":1,"href":"https:\/\/visionpeninsular.com\/mid\/wp-json\/wp\/v2\/posts\/165795\/revisions"}],"predecessor-version":[{"id":165798,"href":"https:\/\/visionpeninsular.com\/mid\/wp-json\/wp\/v2\/posts\/165795\/revisions\/165798"}],"wp:featuredmedia":[{"embeddable":true,"href":"https:\/\/visionpeninsular.com\/mid\/wp-json\/wp\/v2\/media\/165797"}],"wp:attachment":[{"href":"https:\/\/visionpeninsular.com\/mid\/wp-json\/wp\/v2\/media?parent=165795"}],"wp:term":[{"taxonomy":"category","embeddable":true,"href":"https:\/\/visionpeninsular.com\/mid\/wp-json\/wp\/v2\/categories?post=165795"},{"taxonomy":"post_tag","embeddable":true,"href":"https:\/\/visionpeninsular.com\/mid\/wp-json\/wp\/v2\/tags?post=165795"}],"curies":[{"name":"wp","href":"https:\/\/api.w.org\/{rel}","templated":true}]}}