{"id":165563,"date":"2023-01-18T10:30:38","date_gmt":"2023-01-18T16:30:38","guid":{"rendered":"https:\/\/visionpeninsular.com\/mid\/?p=165563"},"modified":"2023-01-18T10:30:57","modified_gmt":"2023-01-18T16:30:57","slug":"empresas-de-talla-mundial-continuan-llegando-a-yucatan-y-generando-empleos","status":"publish","type":"post","link":"https:\/\/visionpeninsular.com\/mid\/empresas-de-talla-mundial-continuan-llegando-a-yucatan-y-generando-empleos\/","title":{"rendered":"Empresas de talla mundial contin\u00faan llegando a Yucat\u00e1n y generando empleos"},"content":{"rendered":"\n<ul><li><strong><em>El Gobernador Mauricio Vila Dosal inaugur\u00f3 el Centro de Desarrollo de Ingenier\u00eda de la empresa de origen sueco y suizo ABB MXTEC, que est\u00e1 creando fuentes de trabajo especializado.<\/em><\/strong><\/li><\/ul>\n\n\n\n<p>M\u00e9rida, Yucat\u00e1n, 17 de enero de 2023.- Empresas de talla mundial contin\u00faan llegando al estado con proyectos que brindan oportunidades de desarrollo para los yucatecos, como el Centro de Desarrollo de Ingenier\u00eda de ABB MXTEC que inaugur\u00f3 el Gobernador Mauricio Vila Dosal, con lo cual se est\u00e1n generando fuentes de empleo especializado y atender\u00e1 los mercados tanto de Estados Unidos como Canad\u00e1.<\/p>\n\n\n\n<p>Acompa\u00f1ado del embajador de Suecia en M\u00e9xico, Gunnar Alden, y el gerente de Operaciones Globales de ABB, Anders Kornblad, el Gobernador encabez\u00f3 la inauguraci\u00f3n de la firma de origen sueco y suizo, que represent\u00f3 una inversi\u00f3n de capital privado de 2 millones de d\u00f3lares y est\u00e1 dedicada a brindar apoyo en sistemas de automatizaci\u00f3n, electrificaci\u00f3n, software, ingenier\u00eda el\u00e9ctrica y desarrollo.<\/p>\n\n\n\n<figure class=\"wp-block-image size-full\"><img loading=\"lazy\" width=\"500\" height=\"322\" src=\"https:\/\/visionpeninsular.com\/mid\/wp-content\/uploads\/2023\/01\/inaugura-5.jpg\" alt=\"\" class=\"wp-image-165566\" srcset=\"https:\/\/visionpeninsular.com\/mid\/wp-content\/uploads\/2023\/01\/inaugura-5.jpg 500w, https:\/\/visionpeninsular.com\/mid\/wp-content\/uploads\/2023\/01\/inaugura-5-300x193.jpg 300w\" sizes=\"(max-width: 500px) 100vw, 500px\" \/><\/figure>\n\n\n\n<p>La compa\u00f1\u00eda, que inicia operaciones en la entidad con la contrataci\u00f3n de personas con perfiles especializados, ya ha contratado a las primeras que provienen de las Universidades Polit\u00e9cnica de Yucat\u00e1n (UPY), Aut\u00f3noma (UADY) y Tecnol\u00f3gica Metropolitana, resultado del trabajo de promoci\u00f3n de las capacidades de la regi\u00f3n, a nivel nacional e internacional, que Vila Dosal ha efectuado durante toda su administraci\u00f3n.<\/p>\n\n\n\n<p>En su mensaje, el Gobernador afirm\u00f3 que, si algo se est\u00e1 haciendo en el territorio, es preparar a los j\u00f3venes para ocupar este tipo de puestos especializados, que son bien pagados y responden a las necesidades del mundo tanto actual como futuro. &#8220;Me da gusto que hayan encontrado en nuestro estado el capital humano preparado que necesitan\u201d, expres\u00f3.<\/p>\n\n\n\n<figure class=\"wp-block-image size-full\"><img loading=\"lazy\" width=\"500\" height=\"359\" src=\"https:\/\/visionpeninsular.com\/mid\/wp-content\/uploads\/2023\/01\/inaugura-3.jpg\" alt=\"\" class=\"wp-image-165567\" srcset=\"https:\/\/visionpeninsular.com\/mid\/wp-content\/uploads\/2023\/01\/inaugura-3.jpg 500w, https:\/\/visionpeninsular.com\/mid\/wp-content\/uploads\/2023\/01\/inaugura-3-300x215.jpg 300w\" sizes=\"(max-width: 500px) 100vw, 500px\" \/><\/figure>\n\n\n\n<p>De igual manera, agradeci\u00f3 la confianza puesta en Yucat\u00e1n y reiter\u00f3 que aqu\u00ed se acostumbra trabajar en equipo con la Federaci\u00f3n, Ayuntamientos e iniciativa privada, conscientes de que las empresas crean empleos, mientras que el deber de las autoridades es asegurar las condiciones para que estas decidan venir a invertir y generar oportunidades.<\/p>\n\n\n\n<p>Ante el titular de la Secretar\u00eda de Fomento Econ\u00f3mico y Trabajo (Sefoet), Ernesto Herrera Novelo, el Gobernador dijo que se promueve la incorporaci\u00f3n de mujeres al \u00e1mbito de tecnolog\u00edas de informaci\u00f3n, por lo que su administraci\u00f3n ofrece becas del 100% a las que quieran estudiar una carrera relacionada y visita preparatorias para incentivar a que m\u00e1s j\u00f3venes estudien en esta \u00e1rea.<\/p>\n\n\n\n<p>Record\u00f3 que se acaba de abrir las primeras Carrera y Especialidad en Ciberseguridad en todo el sureste del pa\u00eds, y se est\u00e1 adecuando a las universidades locales con la creaci\u00f3n de los Laboratorios Acad\u00e9micos de Innovaci\u00f3n, Dise\u00f1o y Manufactura Digital; Dise\u00f1o Aeroespacial, y Ciberseguridad, que ya est\u00e1n listos en la UPY y la UTM.<\/p>\n\n\n\n<figure class=\"wp-block-image size-full\"><img loading=\"lazy\" width=\"500\" height=\"342\" src=\"https:\/\/visionpeninsular.com\/mid\/wp-content\/uploads\/2023\/01\/inaugura-4.jpg\" alt=\"\" class=\"wp-image-165568\" srcset=\"https:\/\/visionpeninsular.com\/mid\/wp-content\/uploads\/2023\/01\/inaugura-4.jpg 500w, https:\/\/visionpeninsular.com\/mid\/wp-content\/uploads\/2023\/01\/inaugura-4-300x205.jpg 300w, https:\/\/visionpeninsular.com\/mid\/wp-content\/uploads\/2023\/01\/inaugura-4-110x75.jpg 110w\" sizes=\"(max-width: 500px) 100vw, 500px\" \/><\/figure>\n\n\n\n<p>Indic\u00f3 tambi\u00e9n que se implement\u00f3 la Agenda Estatal de Ingl\u00e9s, con ambientes biling\u00fces desde preescolar, primaria y secundaria, que va de la mano con el Programa de Movilidad Internacional, que el a\u00f1o pasado benefici\u00f3 a 170 j\u00f3venes, en este favorecer\u00e1 a 340 y se espera que el siguiente, a 500.<\/p>\n\n\n\n<p>Finalmente, dijo a los representantes de ABB que no pudieron escoger un mejor estado en M\u00e9xico, ya que Yucat\u00e1n no solamente es el m\u00e1s seguro del pa\u00eds, sino que tambi\u00e9n est\u00e1 creciendo econ\u00f3micamente; muestra de ello son los indicadores positivos en Inversi\u00f3n Extranjera Directa y generaci\u00f3n de empleos.<\/p>\n\n\n\n<p>Por su parte, el diplom\u00e1tico afirm\u00f3 que este logro representa el \u00e9xito en la promoci\u00f3n comercial, impulsada como parte de las relaciones de su pa\u00eds con este y Yucat\u00e1n. Se\u00f1al\u00f3 que la firma ha elegido muy bien su nueva sede, pues lo que se est\u00e1 haciendo aqu\u00ed, en temas como cuidado del ambiente, sustentabilidad e igualdad de g\u00e9nero, corresponden con la visi\u00f3n y metas de las empresas suecas.<\/p>\n\n\n\n<p>En su turno, Anders Kornblad afirm\u00f3 que la entidad fue elegida para albergar este Centro de Desarrollo de Ingenier\u00edas por el desarrollo que presenta, pero tambi\u00e9n por ser un lugar seguro, con una de las ciudades que m\u00e1s destacan en este rubro en el continente, y la buena relaci\u00f3n con las universidades.<\/p>\n\n\n\n<p>Agradeci\u00f3 al Gobierno que encabeza Mauricio Vila Dosal, por el apoyo brindado a la empresa en la creaci\u00f3n de este Centro, y manifest\u00f3 su deseo de que esta tan buena relaci\u00f3n se mantenga y permita seguir trabajando juntos en el futuro.<\/p>\n\n\n\n<figure class=\"wp-block-image size-full\"><img loading=\"lazy\" width=\"500\" height=\"341\" src=\"https:\/\/visionpeninsular.com\/mid\/wp-content\/uploads\/2023\/01\/inaugura-2.jpg\" alt=\"\" class=\"wp-image-165569\" srcset=\"https:\/\/visionpeninsular.com\/mid\/wp-content\/uploads\/2023\/01\/inaugura-2.jpg 500w, https:\/\/visionpeninsular.com\/mid\/wp-content\/uploads\/2023\/01\/inaugura-2-300x205.jpg 300w, https:\/\/visionpeninsular.com\/mid\/wp-content\/uploads\/2023\/01\/inaugura-2-110x75.jpg 110w\" sizes=\"(max-width: 500px) 100vw, 500px\" \/><\/figure>\n\n\n\n<p>Luego, el Country Managing Director de ABB M\u00e9xico, Vicente Maga\u00f1a, resalt\u00f3 que haber optado por Yucat\u00e1n no es coincidencia, ya que es el sitio ideal para promover el desarrollo del sureste y, como muestra, mencion\u00f3 que, desde aqu\u00ed, se estar\u00e1 exportando ingenier\u00eda a Estados Unidos y Canad\u00e1.<\/p>\n\n\n\n<p>En este recinto, se ofrecen puestos para perfiles como ingenieros en automatizaci\u00f3n, el\u00e9ctricos y de software, con habilidad para comunicarse en ingl\u00e9s y trabajar de manera independiente, mentalidad global y flexibilidad para viajar al extranjero.<\/p>\n\n\n\n<p>Se brinda la posibilidad de ser miembro de un equipo de operaciones con clientes en todo el mundo, experiencia internacional y una carrera en el \u00e1rea de proyectos de ingenier\u00eda, salario competitivo y pago de incentivos, una amplia gama de beneficios comerciales y cursos regulares de idiomas.<\/p>\n\n\n\n<p>La multinacional, proveniente de Z\u00farich, Suiza, con m\u00e1s de 130 a\u00f1os de experiencia y presencia en otras entidades, como San Luis Potos\u00ed; Naucalpan, Estado de M\u00e9xico; Coatzacoalcos, Veracruz, y Monterrey, Nuevo Le\u00f3n. Se enfoca en rob\u00f3tica, generaci\u00f3n de energ\u00eda el\u00e9ctrica, automatizaci\u00f3n, equipamientos industriales y otras tecnolog\u00edas; opera en m\u00e1s de 100 pa\u00edses, con arriba de 149,000 personas.<\/p>\n\n\n\n<p>Adem\u00e1s de ser una de las mayores corporaciones de ingenier\u00eda y tecnolog\u00eda del mundo, es la cuarta mayor centralizada en Z\u00farich, la octava en Suiza y el mayor empleador del ramo en esa naci\u00f3n. La consultora brit\u00e1nica Brand Finance la reconoci\u00f3 en 2019 como la tercera marca m\u00e1s valiosa de esa zona y, en 2021, la revista Corporate Knights la consider\u00f3 en la posici\u00f3n 33 de las m\u00e1s sostenibles del mundo.<\/p>\n<div class='share-to-whatsapp-wrapper'><div class='share-on-whsp'>Share on: <\/div><a data-text='Empresas de talla mundial contin\u00faan llegando a Yucat\u00e1n y generando empleos' data-link='https:\/\/visionpeninsular.com\/mid\/empresas-de-talla-mundial-continuan-llegando-a-yucatan-y-generando-empleos\/' class='whatsapp-button whatsapp-share'>WhatsApp<\/a><div class='clear '><\/div><\/div>","protected":false},"excerpt":{"rendered":"<p>El Gobernador Mauricio Vila Dosal inaugur\u00f3 el Centro de Desarrollo de Ingenier\u00eda de la empresa de origen sueco y suizo ABB MXTEC, que est\u00e1 creando fuentes de trabajo especializado. M\u00e9rida, Yucat\u00e1n, 17 de enero de 2023.- Empresas de talla mundial contin\u00faan llegando al estado con proyectos que brindan oportunidades de desarrollo para los yucatecos, como &hellip;<\/p>\n","protected":false},"author":5,"featured_media":165565,"comment_status":"open","ping_status":"open","sticky":false,"template":"","format":"standard","meta":{"_mi_skip_tracking":false},"categories":[49,37],"tags":[3409,185,34710,3861],"_links":{"self":[{"href":"https:\/\/visionpeninsular.com\/mid\/wp-json\/wp\/v2\/posts\/165563"}],"collection":[{"href":"https:\/\/visionpeninsular.com\/mid\/wp-json\/wp\/v2\/posts"}],"about":[{"href":"https:\/\/visionpeninsular.com\/mid\/wp-json\/wp\/v2\/types\/post"}],"author":[{"embeddable":true,"href":"https:\/\/visionpeninsular.com\/mid\/wp-json\/wp\/v2\/users\/5"}],"replies":[{"embeddable":true,"href":"https:\/\/visionpeninsular.com\/mid\/wp-json\/wp\/v2\/comments?post=165563"}],"version-history":[{"count":1,"href":"https:\/\/visionpeninsular.com\/mid\/wp-json\/wp\/v2\/posts\/165563\/revisions"}],"predecessor-version":[{"id":165570,"href":"https:\/\/visionpeninsular.com\/mid\/wp-json\/wp\/v2\/posts\/165563\/revisions\/165570"}],"wp:featuredmedia":[{"embeddable":true,"href":"https:\/\/visionpeninsular.com\/mid\/wp-json\/wp\/v2\/media\/165565"}],"wp:attachment":[{"href":"https:\/\/visionpeninsular.com\/mid\/wp-json\/wp\/v2\/media?parent=165563"}],"wp:term":[{"taxonomy":"category","embeddable":true,"href":"https:\/\/visionpeninsular.com\/mid\/wp-json\/wp\/v2\/categories?post=165563"},{"taxonomy":"post_tag","embeddable":true,"href":"https:\/\/visionpeninsular.com\/mid\/wp-json\/wp\/v2\/tags?post=165563"}],"curies":[{"name":"wp","href":"https:\/\/api.w.org\/{rel}","templated":true}]}}