{"id":165391,"date":"2023-01-13T09:40:02","date_gmt":"2023-01-13T15:40:02","guid":{"rendered":"https:\/\/visionpeninsular.com\/mid\/?p=165391"},"modified":"2023-01-13T09:40:04","modified_gmt":"2023-01-13T15:40:04","slug":"gabriel-espinosa-avila-ofrecera-clase-magistral-en-el-palacio-de-la-musica","status":"publish","type":"post","link":"https:\/\/visionpeninsular.com\/mid\/gabriel-espinosa-avila-ofrecera-clase-magistral-en-el-palacio-de-la-musica\/","title":{"rendered":"Gabriel Espinosa \u00c1vila ofrecer\u00e1 clase magistral en el Palacio de la M\u00fasica"},"content":{"rendered":"\n<p>El yucateco Gabriel Espinosa \u00c1vila impartir\u00e1 una clase especializada en producci\u00f3n, composici\u00f3n, arreglos e interpretaci\u00f3n, este s\u00e1bado 14 a las 11:00 horas, en el Palacio de la M\u00fasica \u2013 Centro Nacional de la M\u00fasica Mexicana, lo cual abona al objetivo del Gobernador Mauricio Vila Dosal, de ampliar la oferta cultural, educativa y art\u00edstica del estado.<\/p>\n\n\n\n<p>Durante la actividad, se abordar\u00e1 t\u00f3picos de coordinaci\u00f3n, planeaci\u00f3n y financiamiento de proyectos, con el fin de compartir su experiencia y conocimientos con las nuevas generaciones; adem\u00e1s, revelar\u00e1 varios temas de su pr\u00f3xima propuesta discogr\u00e1fica y colaboraciones con m\u00fasicos, cantantes y arreglistas.<\/p>\n\n\n\n<p>Ser\u00e1 la tercera ocasi\u00f3n en que \u00e9l ofrecer\u00e1 una conferencia en dicho recinto, ya que, en 2019 y 2020, imparti\u00f3 sesiones magistrales muy exitosas, gracias a la sinergia entre la Secretar\u00eda de la Cultura y las Artes (Sedeculta) y el referido Centro, ubicado en el mismo edificio.<\/p>\n\n\n\n<p>Espinosa \u00c1vila radica en Estados Unidos y tiene una amplia trayectoria, en la que ha generado ocho discos, de los g\u00e9neros jazz, bolero, ritmos brasile\u00f1os y latinos, y se ha desempe\u00f1ado como docente en diversas universidades de ese pa\u00eds. La entrada es gratuita y abierta a todo p\u00fablico.<\/p>\n<div class='share-to-whatsapp-wrapper'><div class='share-on-whsp'>Share on: <\/div><a data-text='Gabriel Espinosa \u00c1vila ofrecer\u00e1 clase magistral en el Palacio de la M\u00fasica' data-link='https:\/\/visionpeninsular.com\/mid\/gabriel-espinosa-avila-ofrecera-clase-magistral-en-el-palacio-de-la-musica\/' class='whatsapp-button whatsapp-share'>WhatsApp<\/a><div class='clear '><\/div><\/div>","protected":false},"excerpt":{"rendered":"<p>El yucateco Gabriel Espinosa \u00c1vila impartir\u00e1 una clase especializada en producci\u00f3n, composici\u00f3n, arreglos e interpretaci\u00f3n, este s\u00e1bado 14 a las 11:00 horas, en el Palacio de la M\u00fasica \u2013 Centro Nacional de la M\u00fasica Mexicana, lo cual abona al objetivo del Gobernador Mauricio Vila Dosal, de ampliar la oferta cultural, educativa y art\u00edstica del estado. &hellip;<\/p>\n","protected":false},"author":5,"featured_media":165393,"comment_status":"open","ping_status":"open","sticky":false,"template":"","format":"standard","meta":{"_mi_skip_tracking":false},"categories":[50,37],"tags":[34662,34663,9585],"_links":{"self":[{"href":"https:\/\/visionpeninsular.com\/mid\/wp-json\/wp\/v2\/posts\/165391"}],"collection":[{"href":"https:\/\/visionpeninsular.com\/mid\/wp-json\/wp\/v2\/posts"}],"about":[{"href":"https:\/\/visionpeninsular.com\/mid\/wp-json\/wp\/v2\/types\/post"}],"author":[{"embeddable":true,"href":"https:\/\/visionpeninsular.com\/mid\/wp-json\/wp\/v2\/users\/5"}],"replies":[{"embeddable":true,"href":"https:\/\/visionpeninsular.com\/mid\/wp-json\/wp\/v2\/comments?post=165391"}],"version-history":[{"count":1,"href":"https:\/\/visionpeninsular.com\/mid\/wp-json\/wp\/v2\/posts\/165391\/revisions"}],"predecessor-version":[{"id":165394,"href":"https:\/\/visionpeninsular.com\/mid\/wp-json\/wp\/v2\/posts\/165391\/revisions\/165394"}],"wp:featuredmedia":[{"embeddable":true,"href":"https:\/\/visionpeninsular.com\/mid\/wp-json\/wp\/v2\/media\/165393"}],"wp:attachment":[{"href":"https:\/\/visionpeninsular.com\/mid\/wp-json\/wp\/v2\/media?parent=165391"}],"wp:term":[{"taxonomy":"category","embeddable":true,"href":"https:\/\/visionpeninsular.com\/mid\/wp-json\/wp\/v2\/categories?post=165391"},{"taxonomy":"post_tag","embeddable":true,"href":"https:\/\/visionpeninsular.com\/mid\/wp-json\/wp\/v2\/tags?post=165391"}],"curies":[{"name":"wp","href":"https:\/\/api.w.org\/{rel}","templated":true}]}}