{"id":164997,"date":"2023-01-04T13:58:12","date_gmt":"2023-01-04T19:58:12","guid":{"rendered":"https:\/\/visionpeninsular.com\/mid\/?p=164997"},"modified":"2023-01-04T13:58:18","modified_gmt":"2023-01-04T19:58:18","slug":"fernando-ojeda-llanes-proximo-recipiendario-a-la-medalla-hector-victoria-aguilar","status":"publish","type":"post","link":"https:\/\/visionpeninsular.com\/mid\/fernando-ojeda-llanes-proximo-recipiendario-a-la-medalla-hector-victoria-aguilar\/","title":{"rendered":"Fernando Ojeda Llanes, pr\u00f3ximo recipiendario a la Medalla \u201cH\u00e9ctor Victoria Aguilar\u201d"},"content":{"rendered":"\n<p>M\u00e9rida, Yucat\u00e1n; 3 de enero de 2023.- Como parte del protocolo para la entrega de la Medalla \u201cH\u00e9ctor Victoria Aguilar\u201d, se llev\u00f3 a cabo la notificaci\u00f3n de parte del Congreso del Estado al recipiendario Contador P\u00fablico, Fernando Ojeda Llanes, quien recibir\u00e1 la presea en sesi\u00f3n solemne programada para el pr\u00f3ximo 11 de enero de 2023.<\/p>\n\n\n\n<p>El galardonado, quien se encontraba en sus oficinas ubicadas en Pensiones, reconoci\u00f3 la labor de H\u00e9ctor Victoria Aguilar, al defender los derechos de los trabajadores en una \u00e9poca complicada, para Ojeda Llanes eso demuestra el respeto por los valores humanos.<\/p>\n\n\n\n<p>\u201cAl leer el curr\u00edculum de H\u00e9ctor Victoria Aguilar, una de las cosas que me dej\u00f3 impresionado, fue haberse enfrentado a un Congreso Constitucional, en 1917 cuando estaban en las reformas industriales y todo el tema de sindicatos con problemas serios con las empresas, cuando una persona defiende a los trabajadores de esa forma, tiene valores humanos y yo manejo mucho este tema adentro de las empresas\u201d, destac\u00f3.<\/p>\n\n\n\n<p>Asimismo, se mostr\u00f3 agradecido por la postulaci\u00f3n a trav\u00e9s de 19 instituciones, entre c\u00e1maras empresariales y colegios, todos representados por gente joven, que saben y conocen de su trayectoria.<\/p>\n\n\n\n<p>Por su parte la diputada Melba Gamboa \u00c1vila, presidenta de la comisi\u00f3n de Postulaci\u00f3n \u201cH\u00e9ctor Victoria Aguilar\u201d, coment\u00f3 que sus integrantes, al leer la trayectoria del contador p\u00fablico Fernando Ojeda Llanes, quedaron sorprendidos por lo que consideraron que era el candidato ideal para recibir el reconocimiento.<\/p>\n\n\n\n<p>\u201cPara nosotros es un gusto recibirlo para que reciba este reconocimiento que le otorga el Congreso, el estado y los yucatecos le reconocemos esa trayectoria\u201d, puntualiz\u00f3.<\/p>\n\n\n\n<figure class=\"wp-block-image size-full\"><img loading=\"lazy\" width=\"768\" height=\"432\" src=\"https:\/\/visionpeninsular.com\/mid\/wp-content\/uploads\/2023\/01\/Fernando-Ojeda-Llanes1.jpg\" alt=\"\" class=\"wp-image-165000\" srcset=\"https:\/\/visionpeninsular.com\/mid\/wp-content\/uploads\/2023\/01\/Fernando-Ojeda-Llanes1.jpg 768w, https:\/\/visionpeninsular.com\/mid\/wp-content\/uploads\/2023\/01\/Fernando-Ojeda-Llanes1-300x169.jpg 300w\" sizes=\"(max-width: 768px) 100vw, 768px\" \/><\/figure>\n\n\n\n<p>Cabe recordar que el pasado 15 de diciembre se aprob\u00f3 por unanimidad, durante la Sesi\u00f3n Ordinaria, la entrega a Ojeda Llanes, por enaltecer al estado por sus estudios en ciencia y cultura universal.<\/p>\n\n\n\n<p>Durante su desempe\u00f1o en la docencia, estuvo como maestro titular y catedr\u00e1tico de la Facultad de Contadur\u00eda y Administraci\u00f3n de la UADY. Fue director de la carrera de Contador P\u00fablico de la Escuela Superior de Comercio y Administraci\u00f3n del Centro Escolar Miguel Alem\u00e1n. Tambi\u00e9n, maestro titular del Centro de Posgrado de la FCA de la UADY e integrante del Consejo Consultivo de la Unidad de Negocios de la Universidad An\u00e1huac Mayab.<\/p>\n\n\n\n<p>En el sector empresarial, fue presidente del Consejo de Administraci\u00f3n del Centro M\u00e9dico de las Am\u00e9ricas y auditor externo en diversas empresas, entre otros.<\/p>\n\n\n\n<p>Doctor Honoris Causa y socio de honor por la Pontificia Academia Mariana Internacional del Vaticano; recibi\u00f3 la medalla de Profesor Distinguido otorgado por el Colegio de Contadores P\u00fablicos de Yucat\u00e1n.<\/p>\n\n\n\n<p>Realiz\u00f3 investigaciones para art\u00edculos sobre finanzas, administraci\u00f3n e impuestos en revistas especializadas de la UADY, del Colegio de Contadores, de Maestros en Finanzas y del Instituto Mexicano de Ejecutivos de Finanzas. Editorialista del Diario de Yucat\u00e1n desde 2012 a la fecha, y es creador de la t\u00e9cnica \u201cM\u00e9todo R\u00e1pido de Actualizaci\u00f3n B.-10\u201d para actualizar estados financieros por inflaci\u00f3n para uso de an\u00e1lisis financieros. Creador de la franquicia \u201cFinanzas Corporativas Outsourcing\u201d que consiste en manuales de operaci\u00f3n y software especializados para administraci\u00f3n financiera de empresas, por mencionar algunos.<\/p>\n<div class='share-to-whatsapp-wrapper'><div class='share-on-whsp'>Share on: <\/div><a data-text='Fernando Ojeda Llanes, pr\u00f3ximo recipiendario a la Medalla \u201cH\u00e9ctor Victoria Aguilar\u201d' data-link='https:\/\/visionpeninsular.com\/mid\/fernando-ojeda-llanes-proximo-recipiendario-a-la-medalla-hector-victoria-aguilar\/' class='whatsapp-button whatsapp-share'>WhatsApp<\/a><div class='clear '><\/div><\/div>","protected":false},"excerpt":{"rendered":"<p>M\u00e9rida, Yucat\u00e1n; 3 de enero de 2023.- Como parte del protocolo para la entrega de la Medalla \u201cH\u00e9ctor Victoria Aguilar\u201d, se llev\u00f3 a cabo la notificaci\u00f3n de parte del Congreso del Estado al recipiendario Contador P\u00fablico, Fernando Ojeda Llanes, quien recibir\u00e1 la presea en sesi\u00f3n solemne programada para el pr\u00f3ximo 11 de enero de 2023. &hellip;<\/p>\n","protected":false},"author":5,"featured_media":164999,"comment_status":"open","ping_status":"open","sticky":false,"template":"","format":"standard","meta":{"_mi_skip_tracking":false},"categories":[49,37],"tags":[2066,34551,3745],"_links":{"self":[{"href":"https:\/\/visionpeninsular.com\/mid\/wp-json\/wp\/v2\/posts\/164997"}],"collection":[{"href":"https:\/\/visionpeninsular.com\/mid\/wp-json\/wp\/v2\/posts"}],"about":[{"href":"https:\/\/visionpeninsular.com\/mid\/wp-json\/wp\/v2\/types\/post"}],"author":[{"embeddable":true,"href":"https:\/\/visionpeninsular.com\/mid\/wp-json\/wp\/v2\/users\/5"}],"replies":[{"embeddable":true,"href":"https:\/\/visionpeninsular.com\/mid\/wp-json\/wp\/v2\/comments?post=164997"}],"version-history":[{"count":1,"href":"https:\/\/visionpeninsular.com\/mid\/wp-json\/wp\/v2\/posts\/164997\/revisions"}],"predecessor-version":[{"id":165001,"href":"https:\/\/visionpeninsular.com\/mid\/wp-json\/wp\/v2\/posts\/164997\/revisions\/165001"}],"wp:featuredmedia":[{"embeddable":true,"href":"https:\/\/visionpeninsular.com\/mid\/wp-json\/wp\/v2\/media\/164999"}],"wp:attachment":[{"href":"https:\/\/visionpeninsular.com\/mid\/wp-json\/wp\/v2\/media?parent=164997"}],"wp:term":[{"taxonomy":"category","embeddable":true,"href":"https:\/\/visionpeninsular.com\/mid\/wp-json\/wp\/v2\/categories?post=164997"},{"taxonomy":"post_tag","embeddable":true,"href":"https:\/\/visionpeninsular.com\/mid\/wp-json\/wp\/v2\/tags?post=164997"}],"curies":[{"name":"wp","href":"https:\/\/api.w.org\/{rel}","templated":true}]}}