{"id":164940,"date":"2023-01-03T10:20:33","date_gmt":"2023-01-03T16:20:33","guid":{"rendered":"https:\/\/visionpeninsular.com\/mid\/?p=164940"},"modified":"2023-01-03T10:20:53","modified_gmt":"2023-01-03T16:20:53","slug":"publico-yucateco-podra-disfrutar-de-un-concierto-de-la-orquesta-sinfonica-de-la-sedena","status":"publish","type":"post","link":"https:\/\/visionpeninsular.com\/mid\/publico-yucateco-podra-disfrutar-de-un-concierto-de-la-orquesta-sinfonica-de-la-sedena\/","title":{"rendered":"P\u00fablico yucateco podr\u00e1 disfrutar de un concierto de la Orquesta Sinf\u00f3nica de la Sedena"},"content":{"rendered":"\n<ul><li><strong><em>Resultado de la excelente coordinaci\u00f3n que existe entre el Gobernador Mauricio Vila Dosal y la Secretar\u00eda de la Defensa Nacional (Sedena), la agrupaci\u00f3n musical se presentar\u00e1 el viernes 6 de enero a las 18:00 horas, en un espect\u00e1culo que ser\u00e1 gratuito y abierto al p\u00fablico en general.<\/em><\/strong><\/li><\/ul>\n\n\n\n<p>M\u00e9rida, Yucat\u00e1n, 2 de enero de 2023.- Yucat\u00e1n ser\u00e1 el primer estado en donde se presentar\u00e1 este a\u00f1o la Orquesta Sinf\u00f3nica de la Secretar\u00eda de la Defensa Nacional (Sedena), dentro de un recorrido que la llevar\u00e1 por todo el pa\u00eds para conmemorar el Bicentenario del Heroico Colegio Militar, producto de la excelente relaci\u00f3n que existen entre el Gobernador Mauricio Vila Dosal y las Fuerzas Armadas.<\/p>\n\n\n\n<p>El concierto se llevar\u00e1 a cabo este viernes 6 de enero a las 18:00 horas en el Palacio de la M\u00fasica, ubicado en el Centro Hist\u00f3rico de la capital yucateca, por lo que ser\u00e1 abierto al p\u00fablico en general y sin costo para que las familias yucatecas puedan disfrutar este magno evento.<\/p>\n\n\n\n<p>&nbsp;Los yucatecos podr\u00e1n deleitarse con las ejecuciones de la Orquesta Sinf\u00f3nica de la Sedena, que est\u00e1 integrada por m\u00fasicos militares egresados de las mejores academias de m\u00fasica en M\u00e9xico, lo que la hace una de las m\u00e1s importantes en el pa\u00eds.<\/p>\n\n\n\n<p>El Gobierno del Estado y la Sedena informaron que se trata de un recorrido por todo el pa\u00eds que la agrupaci\u00f3n musical estar\u00e1 realizando este a\u00f1o como parte de la conmemoraci\u00f3n del Bicentenario del Heroico Colegio Militar, en el cual, Yucat\u00e1n fue elegido para ser sede de la presentaci\u00f3n de arranque del itinerario.<\/p>\n\n\n\n<p>Y para quienes no puedan acudir a este concierto, existe la posibilidad de que la agrupaci\u00f3n, conformada por 66 m\u00fasicos militares, retorne a tierras yucatecas en octubre para ofrecer otra presentaci\u00f3n.<\/p>\n\n\n\n<p>La Orquesta Sinf\u00f3nica de la Sedena se cre\u00f3 en la d\u00e9cada de los 90 como Camerata del Ej\u00e9rcito y Fuerza A\u00e9rea Mexicanos y adopt\u00f3 su nombre actual a partir de 2005. Junto con el coro y el mariachi, se dedican a amenizar las acciones c\u00edvicas y sociales. El concierto que ofrecer\u00e1n este viernes en Yucat\u00e1n tambi\u00e9n engalanar\u00e1 los festejos con motivo del 481 aniversario de la fundaci\u00f3n de la ciudad de M\u00e9rida,<\/p>\n\n\n\n<p>Hay que recordar que resultado de la buena coordinaci\u00f3n entre el Gobernador Vila Dosal y la Sedena, se lleva a cabo el proyecto del Gran Parque La Plancha, el cual impulsar\u00e1 el desarrollo econ\u00f3mico y tur\u00edstico de la entidad, al convertirse en un pulm\u00f3n verde y un nuevo atractivo en M\u00e9rida para el disfrute de los yucatecas y visitantes.<\/p>\n\n\n\n<p>Este nuevo espacio, que es rescatado despu\u00e9s de varios a\u00f1os de abandono, es fruto de las gestiones de Vila Dosal ante la Federaci\u00f3n y como parte de sus atractivos contar\u00e1 con \u00e1reas de juegos, mercado gastron\u00f3mico, lago artificial, malec\u00f3n, skatepark, parque para mascotas, anfiteatro, andadores, zonas deportivas, gimnasio al aire libre, museos, estaci\u00f3n de IE-Tram, entre otras amenidades.<\/p>\n\n\n\n<p>Como parte de este proyecto, el pasado 23 de diciembre el Gobernador y el titular de Sedena, Luis Cresencio Sandoval Gonz\u00e1lez, entregaron nuevas viviendas a 11 familias que est\u00e1n siendo reubicados como parte esta obra, con lo que vieron transformada su calidad de vida con un patrimonio certero, c\u00f3modo y con espacios modernos.<\/p>\n<div class='share-to-whatsapp-wrapper'><div class='share-on-whsp'>Share on: <\/div><a data-text='P\u00fablico yucateco podr\u00e1 disfrutar de un concierto de la Orquesta Sinf\u00f3nica de la Sedena' data-link='https:\/\/visionpeninsular.com\/mid\/publico-yucateco-podra-disfrutar-de-un-concierto-de-la-orquesta-sinfonica-de-la-sedena\/' class='whatsapp-button whatsapp-share'>WhatsApp<\/a><div class='clear '><\/div><\/div>","protected":false},"excerpt":{"rendered":"<p>Resultado de la excelente coordinaci\u00f3n que existe entre el Gobernador Mauricio Vila Dosal y la Secretar\u00eda de la Defensa Nacional (Sedena), la agrupaci\u00f3n musical se presentar\u00e1 el viernes 6 de enero a las 18:00 horas, en un espect\u00e1culo que ser\u00e1 gratuito y abierto al p\u00fablico en general. M\u00e9rida, Yucat\u00e1n, 2 de enero de 2023.- Yucat\u00e1n &hellip;<\/p>\n","protected":false},"author":5,"featured_media":164942,"comment_status":"open","ping_status":"open","sticky":false,"template":"","format":"standard","meta":{"_mi_skip_tracking":false},"categories":[49,37],"tags":[34532,185,34531],"_links":{"self":[{"href":"https:\/\/visionpeninsular.com\/mid\/wp-json\/wp\/v2\/posts\/164940"}],"collection":[{"href":"https:\/\/visionpeninsular.com\/mid\/wp-json\/wp\/v2\/posts"}],"about":[{"href":"https:\/\/visionpeninsular.com\/mid\/wp-json\/wp\/v2\/types\/post"}],"author":[{"embeddable":true,"href":"https:\/\/visionpeninsular.com\/mid\/wp-json\/wp\/v2\/users\/5"}],"replies":[{"embeddable":true,"href":"https:\/\/visionpeninsular.com\/mid\/wp-json\/wp\/v2\/comments?post=164940"}],"version-history":[{"count":1,"href":"https:\/\/visionpeninsular.com\/mid\/wp-json\/wp\/v2\/posts\/164940\/revisions"}],"predecessor-version":[{"id":164943,"href":"https:\/\/visionpeninsular.com\/mid\/wp-json\/wp\/v2\/posts\/164940\/revisions\/164943"}],"wp:featuredmedia":[{"embeddable":true,"href":"https:\/\/visionpeninsular.com\/mid\/wp-json\/wp\/v2\/media\/164942"}],"wp:attachment":[{"href":"https:\/\/visionpeninsular.com\/mid\/wp-json\/wp\/v2\/media?parent=164940"}],"wp:term":[{"taxonomy":"category","embeddable":true,"href":"https:\/\/visionpeninsular.com\/mid\/wp-json\/wp\/v2\/categories?post=164940"},{"taxonomy":"post_tag","embeddable":true,"href":"https:\/\/visionpeninsular.com\/mid\/wp-json\/wp\/v2\/tags?post=164940"}],"curies":[{"name":"wp","href":"https:\/\/api.w.org\/{rel}","templated":true}]}}