{"id":16475,"date":"2016-11-11T06:58:22","date_gmt":"2016-11-11T12:58:22","guid":{"rendered":"http:\/\/visionpeninsular.com\/mid\/?p=16475"},"modified":"2016-11-11T06:58:22","modified_gmt":"2016-11-11T12:58:22","slug":"sintra-seyc-seran-sometidas-a-reestructuracion-lopez-mena","status":"publish","type":"post","link":"https:\/\/visionpeninsular.com\/mid\/sintra-seyc-seran-sometidas-a-reestructuracion-lopez-mena\/","title":{"rendered":"SINTRA y SEyC ser\u00e1n sometidas a reestructuraci\u00f3n: L\u00f3pez Mena"},"content":{"rendered":"<p>Como parte de la reestructuraci\u00f3n Gubernamental de Quintana Roo se prepara la separaci\u00f3n de la Secretar\u00eda de Infraestructura y Transporte (SINTRA) y la Secretar\u00eda de Educaci\u00f3n y Cultura (SEyC) en dos programada para finales de este 2016 para que en el 2017 se inicie con una nueva estructura, inform\u00f3 el Secretario de Gobierno del Estado, Francisco L\u00f3pez Mena. <\/p>\n<p>En este sentido, relato que la SINTRA quedar\u00e1 dividida en Secretar\u00eda de Infraestructura y Secretar\u00eda de Transporte; mientras que la SEyC quedar\u00e1 dividida en Secretar\u00eda de Educaci\u00f3n y Secretar\u00eda de Cultura, tal y como originalmente se encontraban ambas dependencias. <\/p>\n<p>Aunque cabe aclarar que ser\u00e1 el Poder Legislativo quien apruebe a final de cuentas esta divisi\u00f3n que conlleva cambios en la Ley Org\u00e1nica del Estado, pero que se espera que sea un hecho a finales del a\u00f1o en curso, en el cual se espera la fragmentaci\u00f3n y fusi\u00f3n de otras dependencias que deber\u00e1n estar ya establecidas en el 2017. <\/p>\n<p>El funcionario Estatal aclar\u00f3 que con la divisi\u00f3n de las secretar\u00edas se privilegiara la austeridad en el funcionamiento de cada una de ellas, sin mencionar que se trabaja en la designaci\u00f3n de los futuros directores de las nuevas dependencias. <\/p>\n<div class='share-to-whatsapp-wrapper'><div class='share-on-whsp'>Share on: <\/div><a data-text='SINTRA y SEyC ser\u00e1n sometidas a reestructuraci\u00f3n: L\u00f3pez Mena' data-link='https:\/\/visionpeninsular.com\/mid\/sintra-seyc-seran-sometidas-a-reestructuracion-lopez-mena\/' class='whatsapp-button whatsapp-share'>WhatsApp<\/a><div class='clear '><\/div><\/div>","protected":false},"excerpt":{"rendered":"<p>Como parte de la reestructuraci\u00f3n Gubernamental de Quintana Roo se prepara la separaci\u00f3n de la Secretar\u00eda de Infraestructura y Transporte (SINTRA) y la Secretar\u00eda de Educaci\u00f3n y Cultura (SEyC) en dos programada para finales de este 2016 para que en el 2017 se inicie con una nueva estructura, inform\u00f3 el Secretario de Gobierno del Estado, &hellip;<\/p>\n","protected":false},"author":1,"featured_media":16476,"comment_status":"open","ping_status":"open","sticky":false,"template":"","format":"standard","meta":{"_mi_skip_tracking":false},"categories":[48],"tags":[323,530,2779],"_links":{"self":[{"href":"https:\/\/visionpeninsular.com\/mid\/wp-json\/wp\/v2\/posts\/16475"}],"collection":[{"href":"https:\/\/visionpeninsular.com\/mid\/wp-json\/wp\/v2\/posts"}],"about":[{"href":"https:\/\/visionpeninsular.com\/mid\/wp-json\/wp\/v2\/types\/post"}],"author":[{"embeddable":true,"href":"https:\/\/visionpeninsular.com\/mid\/wp-json\/wp\/v2\/users\/1"}],"replies":[{"embeddable":true,"href":"https:\/\/visionpeninsular.com\/mid\/wp-json\/wp\/v2\/comments?post=16475"}],"version-history":[{"count":1,"href":"https:\/\/visionpeninsular.com\/mid\/wp-json\/wp\/v2\/posts\/16475\/revisions"}],"predecessor-version":[{"id":16477,"href":"https:\/\/visionpeninsular.com\/mid\/wp-json\/wp\/v2\/posts\/16475\/revisions\/16477"}],"wp:featuredmedia":[{"embeddable":true,"href":"https:\/\/visionpeninsular.com\/mid\/wp-json\/wp\/v2\/media\/16476"}],"wp:attachment":[{"href":"https:\/\/visionpeninsular.com\/mid\/wp-json\/wp\/v2\/media?parent=16475"}],"wp:term":[{"taxonomy":"category","embeddable":true,"href":"https:\/\/visionpeninsular.com\/mid\/wp-json\/wp\/v2\/categories?post=16475"},{"taxonomy":"post_tag","embeddable":true,"href":"https:\/\/visionpeninsular.com\/mid\/wp-json\/wp\/v2\/tags?post=16475"}],"curies":[{"name":"wp","href":"https:\/\/api.w.org\/{rel}","templated":true}]}}