{"id":164745,"date":"2022-12-28T22:45:59","date_gmt":"2022-12-29T04:45:59","guid":{"rendered":"https:\/\/visionpeninsular.com\/mid\/?p=164745"},"modified":"2022-12-28T22:46:11","modified_gmt":"2022-12-29T04:46:11","slug":"coparmex-merida-cifro-crecimiento-economico-para-yucatan-en-2023","status":"publish","type":"post","link":"https:\/\/visionpeninsular.com\/mid\/coparmex-merida-cifro-crecimiento-economico-para-yucatan-en-2023\/","title":{"rendered":"COPARMEX M\u00e9rida cifr\u00f3 crecimiento econ\u00f3mico para Yucat\u00e1n en 2023"},"content":{"rendered":"\n<h2 class=\"has-text-align-center\">\u2022\u00abSi nos mantenemos como un estado que da certidumbre, certeza jur\u00eddica y donde se fomentan las inversiones nos puede ir relativamente mejor\u00bb, afirm\u00f3 Beatriz G\u00f3mory Correa<\/h2>\n\n\n\n<p>M\u00e9rida, Yucat\u00e1n, a 28 de diciembre de 2022.\u2013 La presidenta de la Confederaci\u00f3n Patronal de la Rep\u00fablica Mexicana (COPARMEX) M\u00e9rida, Beatriz G\u00f3mory Correa, se\u00f1al\u00f3 que en 2023 habr\u00e1 crecimiento econ\u00f3mico, pese al panorama adverso que se vislumbra.<\/p>\n\n\n\n<p>\u00abEl crecimiento econ\u00f3mico s\u00ed se dar\u00e1, tal vez no a la velocidad que quer\u00edamos. Pero si habr\u00e1 crecimientos peque\u00f1os\u00bb, coment\u00f3. \u00abEn Yucat\u00e1n, si nos mantenemos como un estado que da certidumbre, certeza jur\u00eddica y donde se fomentan las inversiones nos puede ir relativamente mejor\u00bb, afirm\u00f3.<\/p>\n\n\n\n<p>Para la l\u00edder del organismo empresarial, si en la entidad se dan las condiciones de confianza y certidumbre, las inversiones llegar\u00e1n y \u00abest\u00e1n llegando\u00bb. Resultado de lo anterior, es que en noviembre se tuvo r\u00e9cords de empleos dados de alta en el Instituto Mexicano del Seguro Social (IMSS) e inversiones extranjeras directas.<\/p>\n\n\n\n<p>Tambi\u00e9n ser\u00e1 un a\u00f1o de grandes oportunidades para M\u00e9xico, en el que se puede captar la inversi\u00f3n extrajera.&nbsp; \u00abSi bien en Europa y Asia hay muchos problemas, eso puede significar oportunidad para nuestro pa\u00eds, siempre y cuando logremos captar nuestras inversiones de gente de todo mundo que busca donde invertir y, M\u00e9xico podr\u00eda ser una buena opci\u00f3n\u00bb, coment\u00f3.<\/p>\n\n\n\n<p>Sin embargo, se tiene que generar las condiciones de certezas para que las inversiones lleguen y la recesi\u00f3n econ\u00f3mica mundial e inflaci\u00f3n no se sientan. \u00abSi damos se\u00f1ales de desconfianza y descomposici\u00f3n en lo social y en lo pol\u00edtico afecta en lo econ\u00f3mico\u00bb, concluy\u00f3.<\/p>\n\n\n\n<figure class=\"wp-block-image size-large\"><img loading=\"lazy\" width=\"1024\" height=\"576\" src=\"https:\/\/visionpeninsular.com\/mid\/wp-content\/uploads\/2022\/12\/WhatsApp-Image-2022-12-28-at-6.37.15-PM-1024x576.jpeg\" alt=\"\" class=\"wp-image-164747\" srcset=\"https:\/\/visionpeninsular.com\/mid\/wp-content\/uploads\/2022\/12\/WhatsApp-Image-2022-12-28-at-6.37.15-PM-1024x576.jpeg 1024w, https:\/\/visionpeninsular.com\/mid\/wp-content\/uploads\/2022\/12\/WhatsApp-Image-2022-12-28-at-6.37.15-PM-300x169.jpeg 300w, https:\/\/visionpeninsular.com\/mid\/wp-content\/uploads\/2022\/12\/WhatsApp-Image-2022-12-28-at-6.37.15-PM-768x432.jpeg 768w, https:\/\/visionpeninsular.com\/mid\/wp-content\/uploads\/2022\/12\/WhatsApp-Image-2022-12-28-at-6.37.15-PM.jpeg 1280w\" sizes=\"(max-width: 1024px) 100vw, 1024px\" \/><figcaption> La presidenta de la Confederaci\u00f3n Patronal de la Rep\u00fablica Mexicana (COPARMEX) M\u00e9rida, Beatriz G\u00f3mory Correa, coment\u00f3 que en 2023 Yucat\u00e1n tendr\u00e1 crecimiento econ\u00f3mico, pero no el que calculan (CR\u00c9DITO: Visi\u00f3n Peninsular)<\/figcaption><\/figure>\n<div class='share-to-whatsapp-wrapper'><div class='share-on-whsp'>Share on: <\/div><a data-text='COPARMEX M\u00e9rida cifr\u00f3 crecimiento econ\u00f3mico para Yucat\u00e1n en 2023' data-link='https:\/\/visionpeninsular.com\/mid\/coparmex-merida-cifro-crecimiento-economico-para-yucatan-en-2023\/' class='whatsapp-button whatsapp-share'>WhatsApp<\/a><div class='clear '><\/div><\/div>","protected":false},"excerpt":{"rendered":"<p>\u2022\u00abSi nos mantenemos como un estado que da certidumbre, certeza jur\u00eddica y donde se fomentan las inversiones nos puede ir relativamente mejor\u00bb, afirm\u00f3 Beatriz G\u00f3mory Correa M\u00e9rida, Yucat\u00e1n, a 28 de diciembre de 2022.\u2013 La presidenta de la Confederaci\u00f3n Patronal de la Rep\u00fablica Mexicana (COPARMEX) M\u00e9rida, Beatriz G\u00f3mory Correa, se\u00f1al\u00f3 que en 2023 habr\u00e1 crecimiento &hellip;<\/p>\n","protected":false},"author":11,"featured_media":164747,"comment_status":"open","ping_status":"open","sticky":false,"template":"","format":"standard","meta":{"_mi_skip_tracking":false},"categories":[49,37],"tags":[34473,14829,240,227],"_links":{"self":[{"href":"https:\/\/visionpeninsular.com\/mid\/wp-json\/wp\/v2\/posts\/164745"}],"collection":[{"href":"https:\/\/visionpeninsular.com\/mid\/wp-json\/wp\/v2\/posts"}],"about":[{"href":"https:\/\/visionpeninsular.com\/mid\/wp-json\/wp\/v2\/types\/post"}],"author":[{"embeddable":true,"href":"https:\/\/visionpeninsular.com\/mid\/wp-json\/wp\/v2\/users\/11"}],"replies":[{"embeddable":true,"href":"https:\/\/visionpeninsular.com\/mid\/wp-json\/wp\/v2\/comments?post=164745"}],"version-history":[{"count":1,"href":"https:\/\/visionpeninsular.com\/mid\/wp-json\/wp\/v2\/posts\/164745\/revisions"}],"predecessor-version":[{"id":164748,"href":"https:\/\/visionpeninsular.com\/mid\/wp-json\/wp\/v2\/posts\/164745\/revisions\/164748"}],"wp:featuredmedia":[{"embeddable":true,"href":"https:\/\/visionpeninsular.com\/mid\/wp-json\/wp\/v2\/media\/164747"}],"wp:attachment":[{"href":"https:\/\/visionpeninsular.com\/mid\/wp-json\/wp\/v2\/media?parent=164745"}],"wp:term":[{"taxonomy":"category","embeddable":true,"href":"https:\/\/visionpeninsular.com\/mid\/wp-json\/wp\/v2\/categories?post=164745"},{"taxonomy":"post_tag","embeddable":true,"href":"https:\/\/visionpeninsular.com\/mid\/wp-json\/wp\/v2\/tags?post=164745"}],"curies":[{"name":"wp","href":"https:\/\/api.w.org\/{rel}","templated":true}]}}