{"id":16435,"date":"2016-11-10T17:54:28","date_gmt":"2016-11-10T23:54:28","guid":{"rendered":"http:\/\/visionpeninsular.com\/mid\/?p=16435"},"modified":"2016-11-10T17:54:28","modified_gmt":"2016-11-10T23:54:28","slug":"comerciantes-despejan-dudas-proyecto-rescate-del-centro-historico","status":"publish","type":"post","link":"https:\/\/visionpeninsular.com\/mid\/comerciantes-despejan-dudas-proyecto-rescate-del-centro-historico\/","title":{"rendered":"Comerciantes despejan dudas sobre proyecto de rescate del Centro Hist\u00f3rico"},"content":{"rendered":"<p>Para coordinarse y tener el menor impacto negativo en sus ventas durante las labores de rescate de fachadas del Centro Hist\u00f3rico, comerciantes de la zona, afiliados a la C\u00e1mara Nacional de Comercio, Servicios y Turismo (Canaco Servytur) de M\u00e9rida, se reunieron con el director de Desarrollo Urbano del Ayuntamiento de M\u00e9rida, Aref Miguel Karam Esp\u00f3sitos, para intercambiar puntos de vista y despejar dudas respecto al proyecto.<\/p>\n<p>Ante sus asociados, el presidente de la Canaco M\u00e9rida, Juan Jos\u00e9 Abraham Daguer, explic\u00f3 que los trabajos que realizar\u00e1 la Comuna meridana ser\u00e1n para mejorar la imagen urbana y visual de los edificios que se ubican en el primer cuadro de la ciudad, pero para ello se requiere el apoyo, la coordinaci\u00f3n y la paciencia de los comerciantes.<\/p>\n<p>En ese sentido resalt\u00f3 la importancia de la coordinaci\u00f3n entre empresarios y autoridades, ya que se acercan las fechas de mayor movimiento comercial, que inician con El Buen Fin y posteriormente con las fiestas decembrinas.<\/p>\n<p>Por ello, asegur\u00f3, que se acord\u00f3 con el Ayuntamiento que las labores se detendr\u00e1n durante El Buen Fin y diciembre para no afectar las ventas de los negocios al inhibirse el flujo de compradores a este parte de la ciudad.<\/p>\n<p>Abraham Daguer destac\u00f3 que tener un Centro Hist\u00f3rico arm\u00f3nico y cuidado pone a la ciudad entre las mejores del pa\u00eds y aumenta su potencial tur\u00edstico, pues se capta un mayor n\u00famero de turistas hacia esa zona, lo cual repercute positivamente en las ventas de los negocios ubicados en esa \u00e1rea.<\/p>\n<p>Resalt\u00f3 la disposici\u00f3n de cooperaci\u00f3n de los comerciantes y prestadores de servicios del Centro Hist\u00f3rico, ya que los trabajos a realizar cambiar\u00e1n la imagen de los predios que albergan sus negocios, pues se les retirar\u00e1 los anuncios que no vayan acorde, as\u00ed como el color, pues todo estar\u00e1 vigilado y supervisado por el Instituto Nacional de Antropolog\u00eda e Historia (INAH).<\/p>\n<p>Por su parte, el director de Desarrollo Urbano del Ayuntamiento de M\u00e9rida, Aref Miguel Karam Esp\u00f3sitos, precis\u00f3 que los trabajos consistir\u00e1n en retirar los elementos que da\u00f1an la imagen visual, como son el exceso de cables, letreros luminosos, lonas y otro tipo de publicidad, as\u00ed como rescatar de manera parcial e integral las fachadas de los predios.<\/p>\n<p>El \u00e1rea de trabajo, anot\u00f3, ser\u00e1 en los tramos de la calle 60 y 62, con 53 y 55, donde se aplicar\u00e1 el mantenimiento y rescate de fachadas, as\u00ed como la aplicaci\u00f3n de los colores acorde con lo que el INAH autoriza para predios de valor hist\u00f3rico.<\/p>\n<p>Bolet\u00edn de prensa.<\/p>\n<div class='share-to-whatsapp-wrapper'><div class='share-on-whsp'>Share on: <\/div><a data-text='Comerciantes despejan dudas sobre proyecto de rescate del Centro Hist\u00f3rico' data-link='https:\/\/visionpeninsular.com\/mid\/comerciantes-despejan-dudas-proyecto-rescate-del-centro-historico\/' class='whatsapp-button whatsapp-share'>WhatsApp<\/a><div class='clear '><\/div><\/div>","protected":false},"excerpt":{"rendered":"<p>Para coordinarse y tener el menor impacto negativo en sus ventas durante las labores de rescate de fachadas del Centro Hist\u00f3rico, comerciantes de la zona, afiliados a la C\u00e1mara Nacional de Comercio, Servicios y Turismo (Canaco Servytur) de M\u00e9rida, se reunieron con el director de Desarrollo Urbano del Ayuntamiento de M\u00e9rida, Aref Miguel Karam Esp\u00f3sitos, &hellip;<\/p>\n","protected":false},"author":5,"featured_media":16436,"comment_status":"open","ping_status":"open","sticky":false,"template":"","format":"standard","meta":{"_mi_skip_tracking":false},"categories":[50],"tags":[2584,268,231,3720],"_links":{"self":[{"href":"https:\/\/visionpeninsular.com\/mid\/wp-json\/wp\/v2\/posts\/16435"}],"collection":[{"href":"https:\/\/visionpeninsular.com\/mid\/wp-json\/wp\/v2\/posts"}],"about":[{"href":"https:\/\/visionpeninsular.com\/mid\/wp-json\/wp\/v2\/types\/post"}],"author":[{"embeddable":true,"href":"https:\/\/visionpeninsular.com\/mid\/wp-json\/wp\/v2\/users\/5"}],"replies":[{"embeddable":true,"href":"https:\/\/visionpeninsular.com\/mid\/wp-json\/wp\/v2\/comments?post=16435"}],"version-history":[{"count":1,"href":"https:\/\/visionpeninsular.com\/mid\/wp-json\/wp\/v2\/posts\/16435\/revisions"}],"predecessor-version":[{"id":16437,"href":"https:\/\/visionpeninsular.com\/mid\/wp-json\/wp\/v2\/posts\/16435\/revisions\/16437"}],"wp:featuredmedia":[{"embeddable":true,"href":"https:\/\/visionpeninsular.com\/mid\/wp-json\/wp\/v2\/media\/16436"}],"wp:attachment":[{"href":"https:\/\/visionpeninsular.com\/mid\/wp-json\/wp\/v2\/media?parent=16435"}],"wp:term":[{"taxonomy":"category","embeddable":true,"href":"https:\/\/visionpeninsular.com\/mid\/wp-json\/wp\/v2\/categories?post=16435"},{"taxonomy":"post_tag","embeddable":true,"href":"https:\/\/visionpeninsular.com\/mid\/wp-json\/wp\/v2\/tags?post=16435"}],"curies":[{"name":"wp","href":"https:\/\/api.w.org\/{rel}","templated":true}]}}