{"id":16432,"date":"2016-11-10T11:12:02","date_gmt":"2016-11-10T17:12:02","guid":{"rendered":"http:\/\/visionpeninsular.com\/mid\/?p=16432"},"modified":"2016-11-10T11:12:02","modified_gmt":"2016-11-10T17:12:02","slug":"trasnacionales-violentan-derechos-indigenas-en-america-latina-dicen","status":"publish","type":"post","link":"https:\/\/visionpeninsular.com\/mid\/trasnacionales-violentan-derechos-indigenas-en-america-latina-dicen\/","title":{"rendered":"Trasnacionales violentan Derechos Ind\u00edgenas en Am\u00e9rica Latina, dicen"},"content":{"rendered":"<p>La Relatora Especial de las Naciones Unidas sobre los Derechos de los Pueblos Ind\u00edgenas, Victoria Tauli-Corpuz, expres\u00f3 su preocupaci\u00f3n sobre la violaci\u00f3n de los derechos de los pueblos ind\u00edgenas en Am\u00e9rica Latina por parte de las corporaciones agr\u00edcolas, mineras y energ\u00e9ticas.<\/p>\n<p>En entrevista con ONU M\u00e9xico, la relatora se\u00f1al\u00f3 que los pueblos ind\u00edgenas de todo el mundo se enfrentan a situaciones dif\u00edciles para la protecci\u00f3n de sus derechos y de sus tierras y territorios por la expansi\u00f3n de las corporaciones agr\u00edcolas, como plantaciones de soya, ca\u00f1a de az\u00facar y los ranchos de ganado, as\u00ed como los proyectos de infraestructura y de producci\u00f3n minera y de petr\u00f3leo.<\/p>\n<p>Esta situaci\u00f3n tambi\u00e9n ha sido reportada en sus informes durante sus visitas oficiales a Paraguay, Honduras y Brasil, donde puedo ver que los derechos de los ind\u00edgenas y sus tierras ha sido violados por la por la expansi\u00f3n de las corporaciones agr\u00edcolas, como plantaciones de soya, cana az\u00facar y los ranchos de ganado.<\/p>\n<p>\\&#8221;Hemos notado mucha violencia contra los ind\u00edgenas porque resisten a la invasi\u00f3n de sus tierras. Tambi\u00e9n encontramos que en estos pa\u00edses, aunque la Corte Interamericana de Derechos Humanos ha dado sentencias a favor de los ind\u00edgenas, como ha pasado en Paraguay y en Brasil, estas decisiones no est\u00e1n cumplidas por los Estados. Esto se agrega al desplazamiento de estas personas de sus tierras, lo cual es una cuesti\u00f3n preocupante\\&#8221;, dijo Tauli-Corpuz.<\/p>\n<p>\\&#8221;Si bien hay una decisi\u00f3n a su favor, no se aplica esta sentencia en el pa\u00eds. No hay compensaci\u00f3n o remediaci\u00f3n de los da\u00f1os que se les hicieron a ellos\\&#8221;, agreg\u00f3. <\/p>\n<p>Por lo tanto, consider\u00f3 que es necesario que los gobiernos, legisladores y empresas respeten los derechos de los pueblos ind\u00edgenas al consultarlos antes de dar luz verde a un proyecto de desarrollo econ\u00f3mico en su territorio.<\/p>\n<p>La consulta, agreg\u00f3, forma parte del Convenio 169 de la Organizaci\u00f3n Internacional del Trabajo (OIT) sobre Pueblos Ind\u00edgenas y Tribales, ratificado por M\u00e9xico y la mayor\u00eda de los pa\u00edses de Am\u00e9rica Latina.<\/p>\n<p>El convenio establece que los Estados deber\u00e1n consultar a los pueblos ind\u00edgenas \\&#8221;mediante procedimientos apropiados, y en particular a trav\u00e9s de sus instituciones representativas, cada vez que se prevean medidas legislativas o administrativas susceptibles de afectarles directamente\\&#8221;.<\/p>\n<p>Tambi\u00e9n se menciona en la Declaraci\u00f3n de las Naciones Unidas sobre los Derechos de los Pueblos Ind\u00edgenas que los Estados \\&#8221;realizar\u00e1n consultas y cooperar\u00e1n con estas personas antes de adoptar y aplicar medidas legislativas o administrativas que los afecten, a fin de obtener su consentimiento libre, previo e informado\\&#8221;.<\/p>\n<p>\\&#8221;El Estado tiene el deber de proteger los derechos de los ind\u00edgenas, sus tierras, sus territorios y sus culturas. Los Estados deben ser capaces de hacer lo necesario y actuar y aplicar la ley para proteger sus derechos. Tambi\u00e9n deben tener la capacidad de fortalecer la legislaci\u00f3n\\&#8221;, expuso la relatora.<\/p>\n<p>Asegur\u00f3 que los ind\u00edgenas no son un problema para nadie, puesto que han contribuido mucho para proteger al mundo, los bosques, la biodiversidad y el agua.<\/p>\n<p>\\&#8221;Han contribuido mucho al desarrollo, pero esto no est\u00e1 reconocido. Sus derechos son violados, hay mucha impunidad contra los ind\u00edgenas\\&#8221;, lament\u00f3. <\/p>\n<p>La relatora realiz\u00f3 una visita no oficial a M\u00e9xico durante el cual particip\u00f3 al Coloquio Internacional: La Consulta Previa, Libre e Informada, est\u00e1ndares y experiencias internacionales y regionales, organizado por la Oficina en M\u00e9xico del Alto Comisionado de Naciones Unidas para los Derechos Humanos, la Comisi\u00f3n Interamericana de Derechos Humanos y la Universidad del Claustro de Sor Juana.<\/p>\n<p>En ese evento, Tauli-Corpuz se\u00f1al\u00f3 su preocupaci\u00f3n sobre la falta, a nivel global, de una aplicaci\u00f3n efectiva de la consulta en el contexto de medidas legislativas o de planes para la explotaci\u00f3n de recursos naturales o proyectos de inversi\u00f3n.<\/p>\n<p>En entrevista, la relatora record\u00f3 que el Presidente de M\u00e9xico, Enrique Pe\u00f1a Nieto, particip\u00f3 en la Cumbre de la ONU sobre los Pueblos Ind\u00edgenas el a\u00f1o pasado, donde dijo que iba a armonizar las leyes mexicanas para que sean consistentes con la Declaraciones de Naciones Unidas sobre los Derechos de los Pueblos Ind\u00edgenas.<\/p>\n<p>\\&#8221;Es una muy buena se\u00f1al. Espero que realmente M\u00e9xico apruebe una ley sobre los derechos de los ind\u00edgenas, especialmente en materia de consultas, lo que ser\u00eda muy consistente con los est\u00e1ndares internacionales en materia de derecho humano internacional\\&#8221;, expres\u00f3.<\/p>\n<p>\\&#8221;Es del propio inter\u00e9s del gobierno y las corporaciones proteger a los pueblos ind\u00edgenas para mantener la paz, la biodiversidad y la diversidad cultural en el pa\u00eds, adem\u00e1s de impulsar la contribuci\u00f3n que estas personas que proveer para combatir el cambio clim\u00e1tico\\&#8221;, concluy\u00f3.<\/p>\n<div class='share-to-whatsapp-wrapper'><div class='share-on-whsp'>Share on: <\/div><a data-text='Trasnacionales violentan Derechos Ind\u00edgenas en Am\u00e9rica Latina, dicen' data-link='https:\/\/visionpeninsular.com\/mid\/trasnacionales-violentan-derechos-indigenas-en-america-latina-dicen\/' class='whatsapp-button whatsapp-share'>WhatsApp<\/a><div class='clear '><\/div><\/div>","protected":false},"excerpt":{"rendered":"<p>La Relatora Especial de las Naciones Unidas sobre los Derechos de los Pueblos Ind\u00edgenas, Victoria Tauli-Corpuz, expres\u00f3 su preocupaci\u00f3n sobre la violaci\u00f3n de los derechos de los pueblos ind\u00edgenas en Am\u00e9rica Latina por parte de las corporaciones agr\u00edcolas, mineras y energ\u00e9ticas. En entrevista con ONU M\u00e9xico, la relatora se\u00f1al\u00f3 que los pueblos ind\u00edgenas de todo &hellip;<\/p>\n","protected":false},"author":1,"featured_media":16433,"comment_status":"open","ping_status":"open","sticky":false,"template":"","format":"standard","meta":{"_mi_skip_tracking":false},"categories":[49],"tags":[3719,1834,1249,257,1367,3718],"_links":{"self":[{"href":"https:\/\/visionpeninsular.com\/mid\/wp-json\/wp\/v2\/posts\/16432"}],"collection":[{"href":"https:\/\/visionpeninsular.com\/mid\/wp-json\/wp\/v2\/posts"}],"about":[{"href":"https:\/\/visionpeninsular.com\/mid\/wp-json\/wp\/v2\/types\/post"}],"author":[{"embeddable":true,"href":"https:\/\/visionpeninsular.com\/mid\/wp-json\/wp\/v2\/users\/1"}],"replies":[{"embeddable":true,"href":"https:\/\/visionpeninsular.com\/mid\/wp-json\/wp\/v2\/comments?post=16432"}],"version-history":[{"count":1,"href":"https:\/\/visionpeninsular.com\/mid\/wp-json\/wp\/v2\/posts\/16432\/revisions"}],"predecessor-version":[{"id":16434,"href":"https:\/\/visionpeninsular.com\/mid\/wp-json\/wp\/v2\/posts\/16432\/revisions\/16434"}],"wp:featuredmedia":[{"embeddable":true,"href":"https:\/\/visionpeninsular.com\/mid\/wp-json\/wp\/v2\/media\/16433"}],"wp:attachment":[{"href":"https:\/\/visionpeninsular.com\/mid\/wp-json\/wp\/v2\/media?parent=16432"}],"wp:term":[{"taxonomy":"category","embeddable":true,"href":"https:\/\/visionpeninsular.com\/mid\/wp-json\/wp\/v2\/categories?post=16432"},{"taxonomy":"post_tag","embeddable":true,"href":"https:\/\/visionpeninsular.com\/mid\/wp-json\/wp\/v2\/tags?post=16432"}],"curies":[{"name":"wp","href":"https:\/\/api.w.org\/{rel}","templated":true}]}}