{"id":164111,"date":"2022-12-14T11:35:38","date_gmt":"2022-12-14T17:35:38","guid":{"rendered":"https:\/\/visionpeninsular.com\/mid\/?p=164111"},"modified":"2022-12-14T11:35:40","modified_gmt":"2022-12-14T17:35:40","slug":"en-2023-abrira-el-nuevo-museo-de-la-cultura-maya-en-el-ateneo-peninsular","status":"publish","type":"post","link":"https:\/\/visionpeninsular.com\/mid\/en-2023-abrira-el-nuevo-museo-de-la-cultura-maya-en-el-ateneo-peninsular\/","title":{"rendered":"En 2023 abrir\u00e1 el nuevo Museo de la Cultura Maya en el Ateneo Peninsular"},"content":{"rendered":"\n<p>La recuperaci\u00f3n y mejoras en el edificio del Ateneo Peninsular se encuentra al 40 por ciento y se ha iniciado el traslado de materiales y piezas mayas que se exhibir\u00e1n en el primer piso del edificio, se estima que, el proximo a\u00f1o se terminen los trabajos y se abra al p\u00fablico, se\u00f1al\u00f3 Jos\u00e9 Arturo Chab C\u00e1rdenas, director del Centro INAH-Yucat\u00e1n.<\/p>\n\n\n\n<p>El funcionario se\u00f1al\u00f3 que, el avance de obras ha sido importante, para ello se han destinado 40 millones de pesos, dijo. Inform\u00f3 que, se logr\u00f3 recuperar todo el edificio, tras retirar los comercios que permanecieron en el primer piso del edificio, algunos con rentas de cerca de 80 a\u00f1os, entre comercios, tiendas de artesan\u00edas, tiendas de comida, adem\u00e1s de negocios con venta de ropa y bisuter\u00eda.<\/p>\n\n\n\n<figure class=\"wp-block-image size-full\"><img loading=\"lazy\" width=\"600\" height=\"371\" src=\"https:\/\/visionpeninsular.com\/mid\/wp-content\/uploads\/2022\/12\/ateneo-2.jpg\" alt=\"\" class=\"wp-image-164114\" srcset=\"https:\/\/visionpeninsular.com\/mid\/wp-content\/uploads\/2022\/12\/ateneo-2.jpg 600w, https:\/\/visionpeninsular.com\/mid\/wp-content\/uploads\/2022\/12\/ateneo-2-300x186.jpg 300w\" sizes=\"(max-width: 600px) 100vw, 600px\" \/><\/figure>\n\n\n\n<p>Chab C\u00e1rdenas expuso que, el primer piso del edificio estar\u00e1 dedicado al museo de arte maya, donde se expondr\u00e1n piezas y obras recuperadas en los \u00faltimos tiempos, acerbos que se han mantenido en protecci\u00f3n por mucho tiempo, as\u00ed como materiales que han sido restaurados por los esquipos de especialistas del Instituto Nacional de Antropolog\u00eda e Historia.<\/p>\n\n\n\n<p>Argument\u00f3 que, se espera completar la recuperaci\u00f3n del edificio, que en algunos casos sufri\u00f3 desperfectos y da\u00f1os, por la humedad y salitre, falta de mantenimiento adecuado y atenci\u00f3n, para la estructura del edificio, que en 2023 cumple 450 a\u00f1os de construcci\u00f3n desde sus cimientos,<\/p>\n\n\n\n<figure class=\"wp-block-image size-full\"><img loading=\"lazy\" width=\"600\" height=\"375\" src=\"https:\/\/visionpeninsular.com\/mid\/wp-content\/uploads\/2022\/12\/ateneo-3.jpg\" alt=\"\" class=\"wp-image-164115\" srcset=\"https:\/\/visionpeninsular.com\/mid\/wp-content\/uploads\/2022\/12\/ateneo-3.jpg 600w, https:\/\/visionpeninsular.com\/mid\/wp-content\/uploads\/2022\/12\/ateneo-3-300x188.jpg 300w\" sizes=\"(max-width: 600px) 100vw, 600px\" \/><\/figure>\n\n\n\n<p>Seg\u00fan datos hist\u00f3ricos, el edificio federal Ateneo Pen\u00ednsular, fue una obra que se inici\u00f3 entre 1573 y 1579, por orden de fray Diego de Landa, obispo de la provincia de Yucat\u00e1n. Sin embargo, es hasta el obispado de fray Gonzalo de Salazar -1608-1636- que se concluye y se destina como Palacio Arzobispal.<\/p>\n\n\n\n<p>El predio 502 letra \u201cB\u201d de la calle 60 con 63 del Centro Hist\u00f3rico, ha cumplido con varias funciones, inicialmente fue el palacio arzobispal, hasta 1920, cuando el gobernador Alvarado cambi\u00f3 la direcci\u00f3n del recinto, al sacar a la curia religiosa y utilizarlo como cuartel. Posteriormente se instal\u00f3 ah\u00ed la primera Escuela de Agricultura, Manuel Am\u00e1bilis Dom\u00ednguez remodel\u00f3 la fachada, para crear la actual.<\/p>\n\n\n\n<figure class=\"wp-block-image size-full\"><img loading=\"lazy\" width=\"600\" height=\"345\" src=\"https:\/\/visionpeninsular.com\/mid\/wp-content\/uploads\/2022\/12\/ateneo-4.jpg\" alt=\"\" class=\"wp-image-164116\" srcset=\"https:\/\/visionpeninsular.com\/mid\/wp-content\/uploads\/2022\/12\/ateneo-4.jpg 600w, https:\/\/visionpeninsular.com\/mid\/wp-content\/uploads\/2022\/12\/ateneo-4-300x173.jpg 300w\" sizes=\"(max-width: 600px) 100vw, 600px\" \/><\/figure>\n\n\n\n<p>Hasta los a\u00f1os 60, fue el centro operativo de la Secretar\u00eda de la Defensa Nacional y tras la edificaci\u00f3n de la Trig\u00e9sima Segunda Zona Militar, el edificio fue entregado a la Universidad de Yucat\u00e1n para su operaci\u00f3n, que nunca la utiliz\u00f3 y entreg\u00f3 al Gobierno del Estado, donde funcionaron oficinas y posteriormente el Museo Macay.<\/p>\n\n\n\n<p>Chab C\u00e1rdenas detall\u00f3 que, el Museo de Arte Contempor\u00e1neo Macay mantendr\u00e1 su espacio, recinto de exposiciones y \u00e1reas de talleres en el segundo piso. En tanto que, el Museo de Arte Maya completar\u00e1 todo el primer piso del edificio.<\/p>\n\n\n\n<p>El funcionario explic\u00f3 que se trabaja en la rehabilitaci\u00f3n de un espacio que funcionar\u00e1 como Centro Cultural Regional de Vocaci\u00f3n Multifuncional; en este sitio se resguardar\u00e1n y exhibir\u00e1n los hallazgos arqueol\u00f3gicos provenientes del salvamento del tren maya y para ello se necesita una inversi\u00f3n millonaria, coment\u00f3.<\/p>\n<div class='share-to-whatsapp-wrapper'><div class='share-on-whsp'>Share on: <\/div><a data-text='En 2023 abrir\u00e1 el nuevo Museo de la Cultura Maya en el Ateneo Peninsular' data-link='https:\/\/visionpeninsular.com\/mid\/en-2023-abrira-el-nuevo-museo-de-la-cultura-maya-en-el-ateneo-peninsular\/' class='whatsapp-button whatsapp-share'>WhatsApp<\/a><div class='clear '><\/div><\/div>","protected":false},"excerpt":{"rendered":"<p>La recuperaci\u00f3n y mejoras en el edificio del Ateneo Peninsular se encuentra al 40 por ciento y se ha iniciado el traslado de materiales y piezas mayas que se exhibir\u00e1n en el primer piso del edificio, se estima que, el proximo a\u00f1o se terminen los trabajos y se abra al p\u00fablico, se\u00f1al\u00f3 Jos\u00e9 Arturo Chab &hellip;<\/p>\n","protected":false},"author":5,"featured_media":164113,"comment_status":"open","ping_status":"open","sticky":false,"template":"","format":"standard","meta":{"_mi_skip_tracking":false},"categories":[49,37],"tags":[28265,185,13336,401],"_links":{"self":[{"href":"https:\/\/visionpeninsular.com\/mid\/wp-json\/wp\/v2\/posts\/164111"}],"collection":[{"href":"https:\/\/visionpeninsular.com\/mid\/wp-json\/wp\/v2\/posts"}],"about":[{"href":"https:\/\/visionpeninsular.com\/mid\/wp-json\/wp\/v2\/types\/post"}],"author":[{"embeddable":true,"href":"https:\/\/visionpeninsular.com\/mid\/wp-json\/wp\/v2\/users\/5"}],"replies":[{"embeddable":true,"href":"https:\/\/visionpeninsular.com\/mid\/wp-json\/wp\/v2\/comments?post=164111"}],"version-history":[{"count":1,"href":"https:\/\/visionpeninsular.com\/mid\/wp-json\/wp\/v2\/posts\/164111\/revisions"}],"predecessor-version":[{"id":164117,"href":"https:\/\/visionpeninsular.com\/mid\/wp-json\/wp\/v2\/posts\/164111\/revisions\/164117"}],"wp:featuredmedia":[{"embeddable":true,"href":"https:\/\/visionpeninsular.com\/mid\/wp-json\/wp\/v2\/media\/164113"}],"wp:attachment":[{"href":"https:\/\/visionpeninsular.com\/mid\/wp-json\/wp\/v2\/media?parent=164111"}],"wp:term":[{"taxonomy":"category","embeddable":true,"href":"https:\/\/visionpeninsular.com\/mid\/wp-json\/wp\/v2\/categories?post=164111"},{"taxonomy":"post_tag","embeddable":true,"href":"https:\/\/visionpeninsular.com\/mid\/wp-json\/wp\/v2\/tags?post=164111"}],"curies":[{"name":"wp","href":"https:\/\/api.w.org\/{rel}","templated":true}]}}