{"id":163818,"date":"2022-12-07T11:29:52","date_gmt":"2022-12-07T17:29:52","guid":{"rendered":"https:\/\/visionpeninsular.com\/mid\/?p=163818"},"modified":"2022-12-07T11:29:54","modified_gmt":"2022-12-07T17:29:54","slug":"la-cultura-bajo-asedio","status":"publish","type":"post","link":"https:\/\/visionpeninsular.com\/mid\/la-cultura-bajo-asedio\/","title":{"rendered":"La cultura, bajo asedio"},"content":{"rendered":"\n<p>Dulce Maria Sauri Riancho*<\/p>\n\n\n\n<p>Fuente: Diario de Yucat\u00e1n<\/p>\n\n\n\n<p>De Guadalajara a M\u00e9rida los pesares de la cultura no tienen cese. Estos d\u00edas se llev\u00f3 al cabo la 36 edici\u00f3n de la Feria Internacional del Libro en la capital de Jalisco, auspiciada por la Universidad de Guadalajara (UdeG).<\/p>\n\n\n\n<p>El invitado de honor en esta ocasi\u00f3n fue el Emirato de Sharjah y la cultura \u00e1rabe, que se hizo presente con su literatura, m\u00fasica y artes manuales.<\/p>\n\n\n\n<p>Como cada a\u00f1o, se realiz\u00f3 la presentaci\u00f3n de numerosos libros, seminarios, conferencias y mesas de discusi\u00f3n que ponen en el centro de la atenci\u00f3n p\u00fablica a esta Feria, considerada la primera del mundo de habla hispana (as\u00f3mbrense, por delante de las realizadas en Espa\u00f1a) y la segunda a nivel internacional, s\u00f3lo superada por la de Frankfurt, en Alemania.<\/p>\n\n\n\n<p><strong>Continuidad<\/strong><\/p>\n\n\n\n<p>Pocos proyectos culturales en Am\u00e9rica Latina tienen una continuidad semejante, en especial cuando se trata de libros y lectura, asolados por problemas econ\u00f3micos, de derechos de autor y por cambios en los h\u00e1bitos de millones de personas.<\/p>\n\n\n\n<p>Sin embargo, la FIL Guadalajara permanece, a pesar de las crisis econ\u00f3micas, los vaivenes pol\u00edticos y muy recientemente, la pandemia que oblig\u00f3 a suspender sus actividades presenciales por dos a\u00f1os.<\/p>\n\n\n\n<p>La Orquesta Sinf\u00f3nica de Yucat\u00e1n (OSY) fue creada en 2004, durante el gobierno de Patricio Patr\u00f3n. Y con Ivonne Ortega en 2009 (10 de enero) fue dotada de un mecanismo de continuidad presupuestal que le ha permitido transitar tres administraciones gubernamentales de distintos partidos pol\u00edticos. Desde esa fecha la OSY goza de la seguridad jur\u00eddica del fideicomiso p\u00fablico (FIGAROSY), con car\u00e1cter de entidad de la Administraci\u00f3n P\u00fablica Paraestatal de Yucat\u00e1n.<\/p>\n\n\n\n<p>Esto significa que los m\u00fasicos que la integran tienen el estatus de trabajadores al servicio del gobierno del estado, al igual que otro\/as bur\u00f3cratas. Por medio de este decreto gubernamental, publicado en el Diario Oficial del estado, el gobierno se obliga a realizar aportaciones anuales para la operaci\u00f3n de la OSY; a la vez, un patronato formado por distintas personas de la ciudadan\u00eda yucateca conduce la recaudaci\u00f3n de recursos para coadyuvar en el mantenimiento de la Orquesta.<\/p>\n\n\n\n<p>Lo digo directamente: no es una d\u00e1diva ni una \u201cgraciosa\u201d concesi\u00f3n del gobernador\/a en turno, sino un compromiso de car\u00e1cter administrativo y presupuestal con un proyecto cultural que suma esfuerzos gubernamentales y de la sociedad a trav\u00e9s de su patronato desde hace 18 a\u00f1os.<\/p>\n\n\n\n<p>Por cierto, este esquema de financiamiento mixto es \u00fanico, pues en otras orquestas del pa\u00eds, incluyendo la Nacional, el 100% corre por cuenta del gobierno.<\/p>\n\n\n\n<p>En 2022 la FIL Guadalajara se realiz\u00f3 bajo asedio gubernamental. No es novedad el hostigamiento por parte de la administraci\u00f3n federal, dado que el presidente L\u00f3pez Obrador la ha descalificado desde el inicio de su gobierno, regateando la presencia de sus funcionarios incluso en la inauguraci\u00f3n protocolaria.<\/p>\n\n\n\n<p>Pero este a\u00f1o, fue el gobierno de Jalisco y muy particularmente el gobernador Alfaro, quienes crearon un \u201cvac\u00edo\u201d al ordenar a los integrantes de su administraci\u00f3n abstenerse de participar en cualquier acto realizado en esta intensa decena, determinaci\u00f3n avalada por su partido, Movimiento Ciudadano.<\/p>\n\n\n\n<p>El diferendo entre la UdeG, organizadora y promotora de la FIL desde su fundaci\u00f3n y el gobierno de Jalisco tiene nombres y apellidos: Ra\u00fal Padilla, ex rector de la UdeG, creador de la Feria en 1987 y actual presidente, y Enrique Alfaro, gobernador e hijo de quien fuera rector de esta casa de estudios cuando la FIL fue fundada.<\/p>\n\n\n\n<p>La tensa relaci\u00f3n personal en los \u00faltimos cuatro a\u00f1os hizo crisis a ra\u00edz de un recorte presupuestal de 450 millones de pesos que sufri\u00f3 la Universidad, a los cuales se adicionaron 37 millones m\u00e1s, costo estimado de la marcha que organizaron los universitarios para protestar por esa determinaci\u00f3n gubernamental.<\/p>\n\n\n\n<p>Por su parte, el gobierno celebr\u00f3 su propia marcha hasta el recinto de la FIL justo el d\u00eda de su inauguraci\u00f3n. Poco parece importar el posible da\u00f1o a la imagen de la Feria, cuando los cuestionamientos y los \u201cvientos polares\u201d provienen de su propia tierra y de su gobernador.<\/p>\n\n\n\n<p>Si s\u00f3lo fuera por raz\u00f3n de imagen y de derrama econ\u00f3mica asociada a la FIL, el primer mandatario jalisciense deber\u00eda de abstenerse de atacar. Los intentos de minimizar o lastimar la organizaci\u00f3n de la Feria parecen no haber prosperado. Claro que todav\u00eda falta la edici\u00f3n 37 del a\u00f1o pr\u00f3ximo, porque en 2024 para estas fechas, ya habr\u00e1 cambiado el gobierno, tanto estatal como federal.<\/p>\n\n\n\n<p>Percibo que el gobernador Vila no quiere ni cree en la Orquesta Sinf\u00f3nica de Yucat\u00e1n. Dice que los esfuerzos para crearla, mantenerla y desarrollarla, \u201c\u2026son importantes, pero tienen una audiencia muy espec\u00edfica\u201d. Es cierto que con butacas llenas del Pe\u00f3n Contreras \u2014fuera de operaci\u00f3n por el incendio del 1\u00ba de noviembre pasado\u2014 apenas suman 1,700 personas cada semana.<\/p>\n\n\n\n<p>Miope es no ver el gran efecto multiplicador que significan los 60 m\u00fasicos, mujeres y hombres, que enriquecen la labor docente de la Escuela Superior de Artes de Yucat\u00e1n y la formaci\u00f3n de la ni\u00f1ez y la juventud yucateca con la fuerza de la cultura.<\/p>\n\n\n\n<p>Pero va m\u00e1s all\u00e1: La OSY forma parte del capital cultural de Yucat\u00e1n, ese intangible poderoso que permite calificar a M\u00e9rida como una de las mejores ciudades del mundo para vivir y al estado, como el que m\u00e1s seguridad brinda a sus habitantes.<\/p>\n\n\n\n<p>En los cuatro a\u00f1os de esta administraci\u00f3n estatal su aportaci\u00f3n a la OSY ha disminuido: de 32 millones de pesos en 2018 (\u00faltimo a\u00f1o del gobierno de Rolando Zapata), a 12.5 millones de pesos en 2022, con un apoyo extraordinario de 4.5 millones de pesos, es decir, apenas la mitad de hace 4 a\u00f1os. No parece importar que el decreto de creaci\u00f3n del FIGAROSY diga textualmente: los recursos gubernamentales \u201cno podr\u00e1n ser menores a los ejercidos el a\u00f1o anterior\u201d (art. 5, f. I).<\/p>\n\n\n\n<p><strong>De antolog\u00eda<\/strong><\/p>\n\n\n\n<p>Las maniobras para disfrazar el incumplimiento son de antolog\u00eda. Baste decir que en el proyecto de Presupuesto 2023 aparece una asignaci\u00f3n de 33 millones de pesos, cuando este a\u00f1o se aprob\u00f3 una cantidad de 32 millones. Pero antes de poner los redobles de alegr\u00eda veamos lo que sucede en otra cuenta presupuestal, Transferencias, (Tomo IV) donde aparecen s\u00f3lo 12.9 millones de pesos, cuando la pura n\u00f3mina de las y los m\u00fasicos es de casi 28 millones de pesos.<\/p>\n\n\n\n<p>Mal, muy mal para las aspiraciones de trascendencia de Mauricio Vila ser\u00eda registrar en su haber pol\u00edtico la defunci\u00f3n del esfuerzo regional de asociaci\u00f3n p\u00fablico-privada m\u00e1s importante en materia cultural.<\/p>\n\n\n\n<p>La FIL Guadalajara es fuerte despu\u00e9s de 36 a\u00f1os; vivir\u00e1 cuando concluya la administraci\u00f3n que le es hostil. La Orquesta Sinf\u00f3nica de Yucat\u00e1n est\u00e1 en v\u00edas de consolidar su fortaleza, si sobrevive este trance y la incomprensi\u00f3n del actual gobierno.<\/p>\n\n\n\n<p>S\u00e9 que desde el cielo donde se encuentra Adolfo Patr\u00f3n, buscar\u00e1 ayuda para la sobrevivencia de este proyecto. Y en la tierra, Patronato y gobierno habremos de esforzarnos para encontrar una salida.\u2014 M\u00e9rida, Yucat\u00e1n.<\/p>\n\n\n\n<p>dulcesauri@gmail.com<\/p>\n\n\n\n<p>*Licenciada en Sociolog\u00eda con doctorado en Historia. Ex gobernadora de Yucat\u00e1n<\/p>\n<div class='share-to-whatsapp-wrapper'><div class='share-on-whsp'>Share on: <\/div><a data-text='La cultura, bajo asedio' data-link='https:\/\/visionpeninsular.com\/mid\/la-cultura-bajo-asedio\/' class='whatsapp-button whatsapp-share'>WhatsApp<\/a><div class='clear '><\/div><\/div>","protected":false},"excerpt":{"rendered":"<p>Dulce Maria Sauri Riancho* Fuente: Diario de Yucat\u00e1n De Guadalajara a M\u00e9rida los pesares de la cultura no tienen cese. Estos d\u00edas se llev\u00f3 al cabo la 36 edici\u00f3n de la Feria Internacional del Libro en la capital de Jalisco, auspiciada por la Universidad de Guadalajara (UdeG). El invitado de honor en esta ocasi\u00f3n fue &hellip;<\/p>\n","protected":false},"author":5,"featured_media":149239,"comment_status":"open","ping_status":"open","sticky":false,"template":"","format":"standard","meta":{"_mi_skip_tracking":false},"categories":[44],"tags":[34179,8851,34180,8020],"_links":{"self":[{"href":"https:\/\/visionpeninsular.com\/mid\/wp-json\/wp\/v2\/posts\/163818"}],"collection":[{"href":"https:\/\/visionpeninsular.com\/mid\/wp-json\/wp\/v2\/posts"}],"about":[{"href":"https:\/\/visionpeninsular.com\/mid\/wp-json\/wp\/v2\/types\/post"}],"author":[{"embeddable":true,"href":"https:\/\/visionpeninsular.com\/mid\/wp-json\/wp\/v2\/users\/5"}],"replies":[{"embeddable":true,"href":"https:\/\/visionpeninsular.com\/mid\/wp-json\/wp\/v2\/comments?post=163818"}],"version-history":[{"count":1,"href":"https:\/\/visionpeninsular.com\/mid\/wp-json\/wp\/v2\/posts\/163818\/revisions"}],"predecessor-version":[{"id":163820,"href":"https:\/\/visionpeninsular.com\/mid\/wp-json\/wp\/v2\/posts\/163818\/revisions\/163820"}],"wp:featuredmedia":[{"embeddable":true,"href":"https:\/\/visionpeninsular.com\/mid\/wp-json\/wp\/v2\/media\/149239"}],"wp:attachment":[{"href":"https:\/\/visionpeninsular.com\/mid\/wp-json\/wp\/v2\/media?parent=163818"}],"wp:term":[{"taxonomy":"category","embeddable":true,"href":"https:\/\/visionpeninsular.com\/mid\/wp-json\/wp\/v2\/categories?post=163818"},{"taxonomy":"post_tag","embeddable":true,"href":"https:\/\/visionpeninsular.com\/mid\/wp-json\/wp\/v2\/tags?post=163818"}],"curies":[{"name":"wp","href":"https:\/\/api.w.org\/{rel}","templated":true}]}}