{"id":163719,"date":"2022-12-05T19:44:34","date_gmt":"2022-12-06T01:44:34","guid":{"rendered":"https:\/\/visionpeninsular.com\/mid\/?p=163719"},"modified":"2022-12-05T19:45:34","modified_gmt":"2022-12-06T01:45:34","slug":"vigilaremos-el-sentido-de-su-voto-sobre-la-reforma-electoral-sociedad-civil-organizada-de-yucatan","status":"publish","type":"post","link":"https:\/\/visionpeninsular.com\/mid\/vigilaremos-el-sentido-de-su-voto-sobre-la-reforma-electoral-sociedad-civil-organizada-de-yucatan\/","title":{"rendered":"\u00abVigilaremos el sentido de su voto sobre la reforma electoral\u00bb: Sociedad Civil Organizada de Yucat\u00e1n"},"content":{"rendered":"\n<h2 class=\"has-text-align-center\">\u2022Activistas llamaron a los legisladores federales a respaldar la defensa del INE como lo hizo la ciudadan\u00eda el pasado 13 de noviembre <\/h2>\n\n\n\n<p>M\u00e9rida, Yucat\u00e1n, a 5 de diciembre de 2022.\u2013 De manera muy particular, a los diputados y senadores del PRI tengan conciencia que hay memoria en la ciudadan\u00eda, lo mismo para todos los legisladores federales de Yucat\u00e1n. Vigilaremos el sentido de su voto y les exigiremos que nos expliquen por qu\u00e9 raz\u00f3n nos dar\u00edan la espalda, advirti\u00f3 la qu\u00edmica Mar\u00eda Eugenia N\u00fa\u00f1ez Zapata, representante de Poder Ciudadano, quien exhort\u00f3 a los 12 diputados y tres senadores del Estado a votar en contra de la reforma  constitucional en materia electoral.<\/p>\n\n\n\n<p>\u00abEs importante se\u00f1alar que cada diputado y cada senador hace uso de su conciencia y juicio para emitir su voto. Los corporativismos no deben reflejarse en la C\u00e1mara de Diputados, aunque en los hechos si se da por el partido gobernante\u00bb, a\u00f1adi\u00f3 la activista por los derechos pol\u00edticos de la mujer.<\/p>\n\n\n\n<p>Record\u00f3 que el pasado 13 de noviembre, la ciudadan\u00eda expres\u00f3 su rechazo a la reforma electoral y respaldar la defensa de la democracia y del INE. <\/p>\n\n\n\n<p>En rueda de prensa, integrantes de la Sociedad Civil Organizada de Yucat\u00e1n exhortaron a los legisladores federales de todos los partidos pol\u00edticos de la Tercera Circunscripci\u00f3n y, en especial del Estado, a votar en contra de la iniciativa enviada por el presidente Andr\u00e9s Manuel L\u00f3pez Obrador.<\/p>\n\n\n\n<p>\u00abEs una reforma regresiva, que ataca a una de las instituciones fundamentales de nuestro sistema electoral, con la \u00fanica finalidad de controlar a un \u00e1rbitro que resulta inc\u00f3modo y que pone de riesgo la plena vigencia de nuestros derechos pol\u00edticos\u00bb, expusieron.<\/p>\n\n\n\n<p>Tambi\u00e9n advirtieron sobre el riesgo de modificar la legislaci\u00f3n secundaria en materia electoral para permitir que \u00abla Secretar\u00eda de Gobernaci\u00f3n controle el padr\u00f3n electoral, quitando esta atribuci\u00f3n fundamental al INE\u00bb.<\/p>\n\n\n\n<p>Los activistas mandaron el mensaje a la ciudadan\u00eda que contin\u00faan en pie de lucha y la defensa de la democracia no termin\u00f3 con la manifestaci\u00f3n p\u00fablica. <\/p>\n\n\n\n<p>Por su parte, la contadora p\u00fablica Ana Rosa Pay\u00e1n Cervera, coordinadora del Frente C\u00edvico Nacional Cap\u00edtulo Yucat\u00e1n, se\u00f1al\u00f3 que en esta reforma electoral no existe la posibilidad del cabildeo. <\/p>\n\n\n\n<p>Nunca se ha visto que el gobierno o el partido en el gobierno promueva una reforma electoral. Siempre es la oposici\u00f3n y despu\u00e9s de un proceso electoral. <\/p>\n\n\n\n<p>\u00abPor lo tanto, esperamos que despu\u00e9s del 2024, quien sea la mayor\u00eda en el Congreso de la Uni\u00f3n presente una mejor reforma electoral\u00bb, se\u00f1al\u00f3.<\/p>\n\n\n\n<p>El exhorto fue hecho a los siguientes diputados y  diputadas: Ivonne Ortega Pacheco, de Movimiento Ciudadano; Roc\u00edo Barrera Puc, de Morena; Pablo Gamboa M\u00edner y Jacqueline Hinojosa Madrigal, del PRI; Consuelo Navarrete Navarro (Distrito 5), Mario Pereza Ram\u00edrez (Distrito 2) y Janine Patricia Quijano Tapia, del Partido Verde Ecologista de M\u00e9xico (PVEM); Kathia Bolio Pinelo; Sergio Chal\u00e9 Cauich (Distrito 1), El\u00edas Lixa Abimerhi, Rommel Pacheco Marrufo (Distrito 3) y Cecilia Patr\u00f3n Laviada (Distrito 4), del PAN.<\/p>\n\n\n\n<p>Convocaron las siguientes asociones civiles: Frente C\u00edvico Nacional, Cap\u00edtulo Yucat\u00e1n; Frente C\u00edvico Familiar, Poder Ciudadano, Misi\u00f3n Rescate M\u00e9xico, Colectivo 4 de Julio, Uniendo Caminos, Conciencia y Derechos Humanos A.C., Red Pro Yucat\u00e1n, Frente Nacional por la Familia, Salvemos una vida A.C., C\u00e1ritas Yucat\u00e1n, CEFIM, Laicos Unidos por el Bien Com\u00fan, Compartir Caridad, LASEC, M\u00e1s Humano A.C. y Donando Sangre, Compartiendo Vida.<\/p>\n\n\n\n<figure class=\"wp-block-image size-large\"><img loading=\"lazy\" width=\"1024\" height=\"461\" src=\"https:\/\/visionpeninsular.com\/mid\/wp-content\/uploads\/2022\/12\/IMG-20221205-WA0078-1024x461.jpg\" alt=\"\" class=\"wp-image-163721\" srcset=\"https:\/\/visionpeninsular.com\/mid\/wp-content\/uploads\/2022\/12\/IMG-20221205-WA0078-1024x461.jpg 1024w, https:\/\/visionpeninsular.com\/mid\/wp-content\/uploads\/2022\/12\/IMG-20221205-WA0078-300x135.jpg 300w, https:\/\/visionpeninsular.com\/mid\/wp-content\/uploads\/2022\/12\/IMG-20221205-WA0078-768x346.jpg 768w, https:\/\/visionpeninsular.com\/mid\/wp-content\/uploads\/2022\/12\/IMG-20221205-WA0078-1536x691.jpg 1536w, https:\/\/visionpeninsular.com\/mid\/wp-content\/uploads\/2022\/12\/IMG-20221205-WA0078.jpg 1600w\" sizes=\"(max-width: 1024px) 100vw, 1024px\" \/><figcaption>Integrantes de la Sociedad Civil Organizada llamaron a los legisladores federales de Yucat\u00e1n a votar en contra de la reforma electoral (CR\u00c9DITO: Cortes\u00eda)<\/figcaption><\/figure>\n<div class='share-to-whatsapp-wrapper'><div class='share-on-whsp'>Share on: <\/div><a data-text='\u00abVigilaremos el sentido de su voto sobre la reforma electoral\u00bb: Sociedad Civil Organizada de Yucat\u00e1n' data-link='https:\/\/visionpeninsular.com\/mid\/vigilaremos-el-sentido-de-su-voto-sobre-la-reforma-electoral-sociedad-civil-organizada-de-yucatan\/' class='whatsapp-button whatsapp-share'>WhatsApp<\/a><div class='clear '><\/div><\/div>","protected":false},"excerpt":{"rendered":"<p>\u2022Activistas llamaron a los legisladores federales a respaldar la defensa del INE como lo hizo la ciudadan\u00eda el pasado 13 de noviembre M\u00e9rida, Yucat\u00e1n, a 5 de diciembre de 2022.\u2013 De manera muy particular, a los diputados y senadores del PRI tengan conciencia que hay memoria en la ciudadan\u00eda, lo mismo para todos los legisladores &hellip;<\/p>\n","protected":false},"author":11,"featured_media":163721,"comment_status":"open","ping_status":"open","sticky":false,"template":"","format":"standard","meta":{"_mi_skip_tracking":false},"categories":[49,37],"tags":[34140,5668,34136,34137,34142,34141,34131,34147,31230,33763,34134,34144,7147,34129,34132,31232,34139,34143,34133,34145,34138,451,11372,34130,157,34126,66,404,10829,31235,34128,31233,34146,31231,34135],"_links":{"self":[{"href":"https:\/\/visionpeninsular.com\/mid\/wp-json\/wp\/v2\/posts\/163719"}],"collection":[{"href":"https:\/\/visionpeninsular.com\/mid\/wp-json\/wp\/v2\/posts"}],"about":[{"href":"https:\/\/visionpeninsular.com\/mid\/wp-json\/wp\/v2\/types\/post"}],"author":[{"embeddable":true,"href":"https:\/\/visionpeninsular.com\/mid\/wp-json\/wp\/v2\/users\/11"}],"replies":[{"embeddable":true,"href":"https:\/\/visionpeninsular.com\/mid\/wp-json\/wp\/v2\/comments?post=163719"}],"version-history":[{"count":1,"href":"https:\/\/visionpeninsular.com\/mid\/wp-json\/wp\/v2\/posts\/163719\/revisions"}],"predecessor-version":[{"id":163722,"href":"https:\/\/visionpeninsular.com\/mid\/wp-json\/wp\/v2\/posts\/163719\/revisions\/163722"}],"wp:featuredmedia":[{"embeddable":true,"href":"https:\/\/visionpeninsular.com\/mid\/wp-json\/wp\/v2\/media\/163721"}],"wp:attachment":[{"href":"https:\/\/visionpeninsular.com\/mid\/wp-json\/wp\/v2\/media?parent=163719"}],"wp:term":[{"taxonomy":"category","embeddable":true,"href":"https:\/\/visionpeninsular.com\/mid\/wp-json\/wp\/v2\/categories?post=163719"},{"taxonomy":"post_tag","embeddable":true,"href":"https:\/\/visionpeninsular.com\/mid\/wp-json\/wp\/v2\/tags?post=163719"}],"curies":[{"name":"wp","href":"https:\/\/api.w.org\/{rel}","templated":true}]}}