{"id":163467,"date":"2022-11-30T17:10:04","date_gmt":"2022-11-30T23:10:04","guid":{"rendered":"https:\/\/visionpeninsular.com\/mid\/?p=163467"},"modified":"2022-12-01T07:08:14","modified_gmt":"2022-12-01T13:08:14","slug":"regresa-el-camino-de-las-flores-al-parque-de-la-mejorada","status":"publish","type":"post","link":"https:\/\/visionpeninsular.com\/mid\/regresa-el-camino-de-las-flores-al-parque-de-la-mejorada\/","title":{"rendered":"Regresa el Camino de las Flores al parque de La Mejorada"},"content":{"rendered":"\n<h2>\u2022Despu\u00e9s de dos a\u00f1os de no realissszarse la muestra por la pandemia, la atracci\u00f3n tur\u00edstica se inaugura en diciembre <\/h2>\n\n\n\n<p>M\u00e9rida, Yucat\u00e1n, a 30 de noviembre de 2022.\u2013 El \u201cCamino de las Flores\u201d, uno de los atractivos m\u00e1s esperados de la temporada Oto\u00f1o-Invierno regresar\u00e1 en diciembre en el parque La Mejorada, inform\u00f3 el alcalde Ren\u00e1n Barrera Concha.<\/p>\n\n\n\n<p>\u00abEs un evento muy querido por los meridanos, que se suspendi\u00f3 por la pandemia\u00bb, se\u00f1al\u00f3 el primer edil. Dicho atractivo abrir\u00e1 las puertas al p\u00fablico en diciembre y estar\u00e1 hasta el mes de enero. La \u00faltima ocasi\u00f3n que esta muestra se instal\u00f3 fue en octubre de 2019 en el marco del Festival de las \u00c1nimas.<\/p>\n\n\n\n<p>En otro tema, el mun\u00edcipe adelant\u00f3 que, en caso de ser requerido por los diputados locales, comparecer\u00e1 ante el Congreso del Estado para hacer unas explicaciones sobre la Ley de Hacienda del Municipio de M\u00e9rida y la Ley de Ingresos del Ejercicio Fiscal 2023.<\/p>\n\n\n\n<p>Sobre las actualizaciones de los valores catastrales, no repercutir\u00e1 en el aumento del impuesto predial \u00abcomo han manejado algunas personas\u00bb.<\/p>\n\n\n\n<p>El presupuesto, destac\u00f3, estar\u00e1 enfocado en la inversi\u00f3n para la infraestructura p\u00fablica, repavimentaci\u00f3n de calles, fortalecimiento del agua potable y red de alumbrado p\u00fablico y la remodelaci\u00f3n de los parques y espacios p\u00fablicos.<\/p>\n\n\n\n<p>Con el empr\u00e9stito, record\u00f3, se invertir\u00e1 en los mercados San Benito y Lucas de G\u00e1lvez, as\u00ed como la construcci\u00f3n del Corredor Tur\u00edstico-Gastron\u00f3mico en la Calle 47 que comunicar\u00e1 con el parque La Plancha.<\/p>\n\n\n\n<figure class=\"wp-block-image size-large\"><img loading=\"lazy\" width=\"1024\" height=\"576\" src=\"https:\/\/visionpeninsular.com\/mid\/wp-content\/uploads\/2022\/11\/IMG_20221130_163218_813-1024x576.jpg\" alt=\"\" class=\"wp-image-163469\" srcset=\"https:\/\/visionpeninsular.com\/mid\/wp-content\/uploads\/2022\/11\/IMG_20221130_163218_813-1024x576.jpg 1024w, https:\/\/visionpeninsular.com\/mid\/wp-content\/uploads\/2022\/11\/IMG_20221130_163218_813-300x169.jpg 300w, https:\/\/visionpeninsular.com\/mid\/wp-content\/uploads\/2022\/11\/IMG_20221130_163218_813-768x432.jpg 768w, https:\/\/visionpeninsular.com\/mid\/wp-content\/uploads\/2022\/11\/IMG_20221130_163218_813.jpg 1280w\" sizes=\"(max-width: 1024px) 100vw, 1024px\" \/><figcaption>El alcalde Ren\u00e1n Barrera Concha dio a conocer que \u201cEl Camino de las Flores\u201d regresa despu\u00e9s de dos  a\u00f1os de no realizarse por la pandemia. La muestra estar\u00e1 en el Parque de La Mejorada (CR\u00c9DITO: Cortes\u00eda)<\/figcaption><\/figure>\n<div class='share-to-whatsapp-wrapper'><div class='share-on-whsp'>Share on: <\/div><a data-text='Regresa el Camino de las Flores al parque de La Mejorada' data-link='https:\/\/visionpeninsular.com\/mid\/regresa-el-camino-de-las-flores-al-parque-de-la-mejorada\/' class='whatsapp-button whatsapp-share'>WhatsApp<\/a><div class='clear '><\/div><\/div>","protected":false},"excerpt":{"rendered":"<p>\u2022Despu\u00e9s de dos a\u00f1os de no realissszarse la muestra por la pandemia, la atracci\u00f3n tur\u00edstica se inaugura en diciembre M\u00e9rida, Yucat\u00e1n, a 30 de noviembre de 2022.\u2013 El \u201cCamino de las Flores\u201d, uno de los atractivos m\u00e1s esperados de la temporada Oto\u00f1o-Invierno regresar\u00e1 en diciembre en el parque La Mejorada, inform\u00f3 el alcalde Ren\u00e1n Barrera &hellip;<\/p>\n","protected":false},"author":11,"featured_media":163469,"comment_status":"open","ping_status":"open","sticky":false,"template":"","format":"standard","meta":{"_mi_skip_tracking":false},"categories":[1],"tags":[32352,13085,5847,5338],"_links":{"self":[{"href":"https:\/\/visionpeninsular.com\/mid\/wp-json\/wp\/v2\/posts\/163467"}],"collection":[{"href":"https:\/\/visionpeninsular.com\/mid\/wp-json\/wp\/v2\/posts"}],"about":[{"href":"https:\/\/visionpeninsular.com\/mid\/wp-json\/wp\/v2\/types\/post"}],"author":[{"embeddable":true,"href":"https:\/\/visionpeninsular.com\/mid\/wp-json\/wp\/v2\/users\/11"}],"replies":[{"embeddable":true,"href":"https:\/\/visionpeninsular.com\/mid\/wp-json\/wp\/v2\/comments?post=163467"}],"version-history":[{"count":1,"href":"https:\/\/visionpeninsular.com\/mid\/wp-json\/wp\/v2\/posts\/163467\/revisions"}],"predecessor-version":[{"id":163470,"href":"https:\/\/visionpeninsular.com\/mid\/wp-json\/wp\/v2\/posts\/163467\/revisions\/163470"}],"wp:featuredmedia":[{"embeddable":true,"href":"https:\/\/visionpeninsular.com\/mid\/wp-json\/wp\/v2\/media\/163469"}],"wp:attachment":[{"href":"https:\/\/visionpeninsular.com\/mid\/wp-json\/wp\/v2\/media?parent=163467"}],"wp:term":[{"taxonomy":"category","embeddable":true,"href":"https:\/\/visionpeninsular.com\/mid\/wp-json\/wp\/v2\/categories?post=163467"},{"taxonomy":"post_tag","embeddable":true,"href":"https:\/\/visionpeninsular.com\/mid\/wp-json\/wp\/v2\/tags?post=163467"}],"curies":[{"name":"wp","href":"https:\/\/api.w.org\/{rel}","templated":true}]}}