{"id":16303,"date":"2016-11-09T08:57:18","date_gmt":"2016-11-09T14:57:18","guid":{"rendered":"http:\/\/visionpeninsular.com\/mid\/?p=16303"},"modified":"2016-11-09T08:57:18","modified_gmt":"2016-11-09T14:57:18","slug":"ambientalistas-denuncian-profepa-omision-en-tajamar","status":"publish","type":"post","link":"https:\/\/visionpeninsular.com\/mid\/ambientalistas-denuncian-profepa-omision-en-tajamar\/","title":{"rendered":"Ambientalistas denuncian a Delegada PROFEPA por omisi\u00f3n en caso Tajamar"},"content":{"rendered":"<p>Katherine Ender C\u00f3rdova, Integrante de &#8220;Guardianes del Manglar&#8221;, inform\u00f3 que en este inicio de semana presentaron de manera formal una denuncia contra Carolina Garc\u00eda Ca\u00f1\u00f3n, Delegada de la PROFEPA por el delito de omisi\u00f3n en el caso Malec\u00f3n Tajamar pues se presume que al emitirse la suspensi\u00f3n total temporal se pide colocar sellos pero esto no se realiz\u00f3 por lo que han solicitado ante la PGR continuar con esta denuncia. <\/p>\n<p>La ambientalista recalc\u00f3 que personal de la PROFEPA acudi\u00f3 al lugar tras registrarse m\u00e1s de mil 800 denuncias ciudadanas por lo que ocurr\u00eda en estos terrenos sin embargo aunque acudieron a inspeccionar los sellos de clausura no fueron colocados, por lo que ahora tambi\u00e9n se denuncia esta omisi\u00f3n ante la Secretar\u00eda del Medio Ambiente (SEDEMA) pero no se ha obtenido respuesta alguna, dijo.<\/p>\n<p>\u201cLa queja ante el \u00f3rgano de la Sedema se hizo, pero ellos no pueden ser juez y parte, entonces para evitar eso, necesitaba una prueba para probar que omitieron esa medida, adem\u00e1s de que en alg\u00fan momento fue una burla internacional que las autoridades dijeran que no hubo da\u00f1os en Tajamar\u201d,  abund\u00f3.<\/p>\n<p>Cabe mencionar que esta Organizaci\u00f3n en conjunto con otra pretende presentar proyecto para la gesti\u00f3n de recursos que sean destinados al cuidado de humedales y del propio manglar Tajamar incluyendo la creaci\u00f3n de un jard\u00edn bot\u00e1nico, protecci\u00f3n de flora y fauna, mismo que ser\u00eda presentado a la SEDEMA y SEMARNAT. <\/p>\n<div class='share-to-whatsapp-wrapper'><div class='share-on-whsp'>Share on: <\/div><a data-text='Ambientalistas denuncian a Delegada PROFEPA por omisi\u00f3n en caso Tajamar' data-link='https:\/\/visionpeninsular.com\/mid\/ambientalistas-denuncian-profepa-omision-en-tajamar\/' class='whatsapp-button whatsapp-share'>WhatsApp<\/a><div class='clear '><\/div><\/div>","protected":false},"excerpt":{"rendered":"<p>Katherine Ender C\u00f3rdova, Integrante de &#8220;Guardianes del Manglar&#8221;, inform\u00f3 que en este inicio de semana presentaron de manera formal una denuncia contra Carolina Garc\u00eda Ca\u00f1\u00f3n, Delegada de la PROFEPA por el delito de omisi\u00f3n en el caso Malec\u00f3n Tajamar pues se presume que al emitirse la suspensi\u00f3n total temporal se pide colocar sellos pero esto &hellip;<\/p>\n","protected":false},"author":1,"featured_media":16304,"comment_status":"open","ping_status":"open","sticky":false,"template":"","format":"standard","meta":{"_mi_skip_tracking":false},"categories":[48],"tags":[89,373,3683,379],"_links":{"self":[{"href":"https:\/\/visionpeninsular.com\/mid\/wp-json\/wp\/v2\/posts\/16303"}],"collection":[{"href":"https:\/\/visionpeninsular.com\/mid\/wp-json\/wp\/v2\/posts"}],"about":[{"href":"https:\/\/visionpeninsular.com\/mid\/wp-json\/wp\/v2\/types\/post"}],"author":[{"embeddable":true,"href":"https:\/\/visionpeninsular.com\/mid\/wp-json\/wp\/v2\/users\/1"}],"replies":[{"embeddable":true,"href":"https:\/\/visionpeninsular.com\/mid\/wp-json\/wp\/v2\/comments?post=16303"}],"version-history":[{"count":1,"href":"https:\/\/visionpeninsular.com\/mid\/wp-json\/wp\/v2\/posts\/16303\/revisions"}],"predecessor-version":[{"id":16305,"href":"https:\/\/visionpeninsular.com\/mid\/wp-json\/wp\/v2\/posts\/16303\/revisions\/16305"}],"wp:featuredmedia":[{"embeddable":true,"href":"https:\/\/visionpeninsular.com\/mid\/wp-json\/wp\/v2\/media\/16304"}],"wp:attachment":[{"href":"https:\/\/visionpeninsular.com\/mid\/wp-json\/wp\/v2\/media?parent=16303"}],"wp:term":[{"taxonomy":"category","embeddable":true,"href":"https:\/\/visionpeninsular.com\/mid\/wp-json\/wp\/v2\/categories?post=16303"},{"taxonomy":"post_tag","embeddable":true,"href":"https:\/\/visionpeninsular.com\/mid\/wp-json\/wp\/v2\/tags?post=16303"}],"curies":[{"name":"wp","href":"https:\/\/api.w.org\/{rel}","templated":true}]}}