{"id":16294,"date":"2016-11-09T08:35:22","date_gmt":"2016-11-09T14:35:22","guid":{"rendered":"http:\/\/visionpeninsular.com\/mid\/?p=16294"},"modified":"2016-11-09T08:35:22","modified_gmt":"2016-11-09T14:35:22","slug":"empresarios-a-favor-desaparecer-juntas-conciliacion","status":"publish","type":"post","link":"https:\/\/visionpeninsular.com\/mid\/empresarios-a-favor-desaparecer-juntas-conciliacion\/","title":{"rendered":"Empresarios a favor de desaparecer Juntas de Conciliaci\u00f3n"},"content":{"rendered":"<p>Gustavo Rodr\u00edguez Valle, Presidente del Consejo Coordinador Empresarial de Campeche (CCEC) indic\u00f3 ante el Delegado de la Secretar\u00eda de Trabajo y Previsi\u00f3n Social (STPS), V\u00edctor M\u00e9ndez Lanz, que el sector empresarial se pronunci\u00f3 a favor de la desaparici\u00f3n de las Juntas Locales de Conciliaci\u00f3n y Arbitraje, con el objetivo de que los Juzgados del Poder Judicial atiendan estos asuntos y las resoluciones se den m\u00e1s pronto, sin embargo, a\u00fan tienen la duda del avance en materia laboral pues el rezago en las disposiciones legales de la STPS a\u00fan existen. <\/p>\n<p>Aunque al mismo tiempo, el empresario admiti\u00f3 que con esta modificaci\u00f3n hay un importante avance en la materia, aunque a\u00fan falte que los Congresos Locales aprueben estos procesos y as\u00ed aprobar la propuesta Presidencial, dijo. <\/p>\n<p>Cabe mencionar que de lograr esta aprobaci\u00f3n, las juntas locales o federales estar\u00e1n en el Poder Judicial Federal o de los mismos Estados para lo cual se crear\u00eda un organismo independiente que registrar\u00eda sindicatos, contratos colectivos y dem\u00e1s permitiendo que el voto emitido por los trabajadores para elegir a representantes sea libre y secreto al mismo tiempo en que la soluci\u00f3n a las controversias entre trabajadores y patrones sea m\u00e1s \u00e1gil y que la certidumbre sea mayor para ambos. <\/p>\n<div class='share-to-whatsapp-wrapper'><div class='share-on-whsp'>Share on: <\/div><a data-text='Empresarios a favor de desaparecer Juntas de Conciliaci\u00f3n' data-link='https:\/\/visionpeninsular.com\/mid\/empresarios-a-favor-desaparecer-juntas-conciliacion\/' class='whatsapp-button whatsapp-share'>WhatsApp<\/a><div class='clear '><\/div><\/div>","protected":false},"excerpt":{"rendered":"<p>Gustavo Rodr\u00edguez Valle, Presidente del Consejo Coordinador Empresarial de Campeche (CCEC) indic\u00f3 ante el Delegado de la Secretar\u00eda de Trabajo y Previsi\u00f3n Social (STPS), V\u00edctor M\u00e9ndez Lanz, que el sector empresarial se pronunci\u00f3 a favor de la desaparici\u00f3n de las Juntas Locales de Conciliaci\u00f3n y Arbitraje, con el objetivo de que los Juzgados del Poder &hellip;<\/p>\n","protected":false},"author":1,"featured_media":16295,"comment_status":"open","ping_status":"open","sticky":false,"template":"","format":"standard","meta":{"_mi_skip_tracking":false},"categories":[45],"tags":[231,3680,3679],"_links":{"self":[{"href":"https:\/\/visionpeninsular.com\/mid\/wp-json\/wp\/v2\/posts\/16294"}],"collection":[{"href":"https:\/\/visionpeninsular.com\/mid\/wp-json\/wp\/v2\/posts"}],"about":[{"href":"https:\/\/visionpeninsular.com\/mid\/wp-json\/wp\/v2\/types\/post"}],"author":[{"embeddable":true,"href":"https:\/\/visionpeninsular.com\/mid\/wp-json\/wp\/v2\/users\/1"}],"replies":[{"embeddable":true,"href":"https:\/\/visionpeninsular.com\/mid\/wp-json\/wp\/v2\/comments?post=16294"}],"version-history":[{"count":1,"href":"https:\/\/visionpeninsular.com\/mid\/wp-json\/wp\/v2\/posts\/16294\/revisions"}],"predecessor-version":[{"id":16296,"href":"https:\/\/visionpeninsular.com\/mid\/wp-json\/wp\/v2\/posts\/16294\/revisions\/16296"}],"wp:featuredmedia":[{"embeddable":true,"href":"https:\/\/visionpeninsular.com\/mid\/wp-json\/wp\/v2\/media\/16295"}],"wp:attachment":[{"href":"https:\/\/visionpeninsular.com\/mid\/wp-json\/wp\/v2\/media?parent=16294"}],"wp:term":[{"taxonomy":"category","embeddable":true,"href":"https:\/\/visionpeninsular.com\/mid\/wp-json\/wp\/v2\/categories?post=16294"},{"taxonomy":"post_tag","embeddable":true,"href":"https:\/\/visionpeninsular.com\/mid\/wp-json\/wp\/v2\/tags?post=16294"}],"curies":[{"name":"wp","href":"https:\/\/api.w.org\/{rel}","templated":true}]}}