{"id":162658,"date":"2022-11-14T17:00:17","date_gmt":"2022-11-14T23:00:17","guid":{"rendered":"https:\/\/visionpeninsular.com\/mid\/?p=162658"},"modified":"2022-11-14T17:00:18","modified_gmt":"2022-11-14T23:00:18","slug":"yo-conservadora","status":"publish","type":"post","link":"https:\/\/visionpeninsular.com\/mid\/yo-conservadora\/","title":{"rendered":"Yo, &#8221;conservadora&#8221;"},"content":{"rendered":"\n<p>Denise Dresser *<\/p>\n\n\n\n<p>Fuente: Diario de Yucat\u00e1n<\/p>\n\n\n\n<p>En 2017 escrib\u00ed un art\u00edculo demoledor sobre el INE. Se llam\u00f3 \u201cCopa rota\u201d y en \u00e9l se\u00f1al\u00e9 todos sus vicios, todas sus omisiones. C\u00f3mo el Consejo General se hab\u00eda partidizado y politizado.<\/p>\n\n\n\n<p>C\u00f3mo no hab\u00eda fiscalizado lo suficiente ni sancionado lo necesario. C\u00f3mo la instituci\u00f3n parec\u00eda estar sorda, ciega y muda ante la tropel\u00eda de trampas cometidas por todos los partidos.<\/p>\n\n\n\n<p>Incluso exig\u00eda la renuncia de Lorenzo C\u00f3rdova, para poder encarar la crisis institucional que atravesaba la autoridad electoral. Y sigo creyendo que el INE, as\u00ed como el sistema partidista, requieren reformas para funcionar mejor.<\/p>\n\n\n\n<p>Pero reconozco que mi cr\u00edtica en aquella coyuntura era demasiado impaciente, demasiado estridente. Cargu\u00e9 sobre el INE culpas y responsabilidades que no le correspond\u00edan. Minimic\u00e9 la mala actuaci\u00f3n de los partidos y sus esfuerzos por controlar a la instituci\u00f3n que los multaba.<\/p>\n\n\n\n<p>Para que dejen de hacer el rid\u00edculo minimizando la MARCHA NACIONAL M\u00c1S GRANDE DE LA HISTORIA, que se replic\u00f3 en decenas de ciudades de M\u00e9xico, vean este hilo de @Juan_OrtizMX que recopila videos de cada ciudad! VIVA M\u00c9XICO <strong><em>CARAJO!!!uD83DuDC47uD83CuDFFCuD83DuDC47uD83CuDFFCuD83DuDC47uD83CuDFFC https:\/\/t.co\/BJ3sI3tK0p<\/em><\/strong><\/p>\n\n\n\n<p><strong><em>\u2014 Max Kaiser (@MaxKaiser75) November 14, 2022<\/em><\/strong><\/p>\n\n\n\n<p>Pero m\u00e1s importante a\u00fan, no entend\u00ed que ese INE imperfecto y caro era preferible a su destrucci\u00f3n. Ayer que march\u00e9, rodeada de ciudadanos variopintos, tanto de derecha como de izquierda, comprend\u00ed la dimensi\u00f3n de la transici\u00f3n mexicana y la magnitud de lo logrado.<\/p>\n\n\n\n<p>Entend\u00ed el valor de la manifestaci\u00f3n pac\u00edfica que permite ejercer el derecho a la discrepancia, el derecho a la preocupaci\u00f3n, el derecho a la aspiraci\u00f3n.<\/p>\n\n\n\n<p>Al escuchar el discurso de Jos\u00e9 Woldenberg, apreci\u00e9 la importancia de defender lo conquistado. El peligro en el cual el antiinstitucionalismo lopezobradorista nos ha colocado como pa\u00eds.<\/p>\n\n\n\n<p>Por un lado, si las cr\u00edticas que se hac\u00edan hace cinco a\u00f1os al INE, al INAI, a la CNDH, a la Cofece, al Ifetel hubieran conducido a construir una institucionalidad m\u00e1s robusta y m\u00e1s aut\u00f3noma, probablemente AMLO no hubiera encontrado apoyo para su bola de demolici\u00f3n.<\/p>\n\n\n\n<p>Pero por otro, quiz\u00e1s muchos de nosotros exigimos excesivamente en muy poco tiempo. Nos ganaba la urgencia de acabar con el viejo r\u00e9gimen, cuando no hab\u00edamos prestado la suficiente atenci\u00f3n a c\u00f3mo reemplazarlo; con qu\u00e9 reglas, con qu\u00e9 personas, con qu\u00e9 instituciones.<\/p>\n\n\n\n<p>Camin\u00e1bamos sobre cenizas y semillas, parafraseando a H\u00e9ctor Aguilar Cam\u00edn. Y a veces, los peque\u00f1os arbustos plantados desde los noventa nos parec\u00edan peque\u00f1os, insuficientes, poco frondosos.<\/p>\n\n\n\n<p><strong><em>Si lo sabe Dios, que lo sepa el Mundo.. pic.twitter.com\/DJ0oWnzNRm<\/em><\/strong><\/p>\n\n\n\n<p><strong><em>\u2014 Sociedad Civil M\u00e9xico uD83CuDDF2uD83CuDDFD ? (@SocCivilMx) November 14, 2022<\/em><\/strong><\/p>\n\n\n\n<p>Ahora entiendo que son mejores al llano en llamas que L\u00f3pez Obrador ha encendido desde Palacio Nacional. Y por ello no tiene sentido entrar en este momento a un debate sobre lo bueno, lo malo y lo feo de la reforma electoral planteada por el Presidente.<\/p>\n\n\n\n<p>Reconozco algunas propuestas interesantes, pero tambi\u00e9n resalto la intencionalidad. El objetivo del partido\/gobierno no es negociar, fraguar consensos, forjar cambios aceptables entre todas las fuerzas pol\u00edticas, como ocurri\u00f3 con las reformas de 1994 y 1996. El objetivo es controlar al \u00e1rbitro, desnivelar el terreno de juego, romper la equidad, y quedarse con la mayor cantidad de poder que pueda.<\/p>\n\n\n\n<p>Regresarnos a la era del viejo PRI rebautizado como el nuevo Morena. Regresarnos a la \u00e9poca \u201cdel presidencialismo opresivo, de elecciones sin competencia ni opciones aut\u00e9nticas, de poderes constitucionales que funcionaban como ap\u00e9ndices del Ejecutivo\u201d.<\/p>\n\n\n\n<p>Mucho ha cambiado desde entonces. Quiz\u00e1s no lo suficiente para nosotros los juzgadores maximalistas, pero s\u00ed lo imprescindible para llamarnos una democracia germinal.<\/p>\n\n\n\n<p>Abrazo, entonces, uno de los calificativos que L\u00f3pez Obrador usa en estos tiempos para denigrar a cualquiera que lo contradiga.<\/p>\n\n\n\n<p><strong><em>El ?@INEMexico? es un logro@de la democracia. Lo construimos todas y todos para convivir en paz y democr\u00e1ticamente. #ElINENoSeToca pic.twitter.com\/YjeedbdY0r<\/em><\/strong><\/p>\n\n\n\n<p><strong><em>\u2014 Emilio \u00c1lvarez Icaza Longoria (@EmilioAlvarezI) November 13, 2022<\/em><\/strong><\/p>\n\n\n\n<p>Admito ser \u201cconservadora\u201d. S\u00ed quiero conservar el patrimonio com\u00fan de un sistema electoral erigido por muchos luchadores sociales de mi generaci\u00f3n.<\/p>\n\n\n\n<p>S\u00ed quiero asegurar que M\u00e9xico no vuelva a una instituci\u00f3n electoral alineada con el gobierno. S\u00ed deseo conservar la posibilidad de un INE capaz de garantizar la imparcialidad en todo el proceso electoral.<\/p>\n\n\n\n<p>S\u00ed quiero preservar las destrezas profesionales y los conocimientos adquiridos por parte de quienes hacen al INE posible. S\u00ed quiero conservar mi credencial de elector, constatar que corresponda con mi nombre en el padr\u00f3n, votar por un candidato de cualquier partido sin saber de antemano qui\u00e9n va a ganar.<\/p>\n\n\n\n<p>S\u00ed deseo conservar la heterogeneidad y el pluralismo y la coexistencia y las garant\u00edas.<\/p>\n\n\n\n<p>Como escribe Robert Heinlen, el mundo est\u00e1 dividido entre quienes quieren ser controlados y quienes no tienen ese deseo.<\/p>\n\n\n\n<p>Y yo, como los miles que marchamos el domingo, quiero conservar mi libertad.\u2014 Ciudad de M\u00e9xico.<\/p>\n\n\n\n<p>Correo: denise.dresser@mexicofirme.com<\/p>\n\n\n\n<p>*) Periodista<\/p>\n<div class='share-to-whatsapp-wrapper'><div class='share-on-whsp'>Share on: <\/div><a data-text='Yo, ''conservadora''' data-link='https:\/\/visionpeninsular.com\/mid\/yo-conservadora\/' class='whatsapp-button whatsapp-share'>WhatsApp<\/a><div class='clear '><\/div><\/div>","protected":false},"excerpt":{"rendered":"<p>Denise Dresser * Fuente: Diario de Yucat\u00e1n En 2017 escrib\u00ed un art\u00edculo demoledor sobre el INE. Se llam\u00f3 \u201cCopa rota\u201d y en \u00e9l se\u00f1al\u00e9 todos sus vicios, todas sus omisiones. C\u00f3mo el Consejo General se hab\u00eda partidizado y politizado. C\u00f3mo no hab\u00eda fiscalizado lo suficiente ni sancionado lo necesario. C\u00f3mo la instituci\u00f3n parec\u00eda estar sorda, &hellip;<\/p>\n","protected":false},"author":5,"featured_media":149239,"comment_status":"open","ping_status":"open","sticky":false,"template":"","format":"standard","meta":{"_mi_skip_tracking":false},"categories":[44],"tags":[904,33790,33791,33789],"_links":{"self":[{"href":"https:\/\/visionpeninsular.com\/mid\/wp-json\/wp\/v2\/posts\/162658"}],"collection":[{"href":"https:\/\/visionpeninsular.com\/mid\/wp-json\/wp\/v2\/posts"}],"about":[{"href":"https:\/\/visionpeninsular.com\/mid\/wp-json\/wp\/v2\/types\/post"}],"author":[{"embeddable":true,"href":"https:\/\/visionpeninsular.com\/mid\/wp-json\/wp\/v2\/users\/5"}],"replies":[{"embeddable":true,"href":"https:\/\/visionpeninsular.com\/mid\/wp-json\/wp\/v2\/comments?post=162658"}],"version-history":[{"count":1,"href":"https:\/\/visionpeninsular.com\/mid\/wp-json\/wp\/v2\/posts\/162658\/revisions"}],"predecessor-version":[{"id":162660,"href":"https:\/\/visionpeninsular.com\/mid\/wp-json\/wp\/v2\/posts\/162658\/revisions\/162660"}],"wp:featuredmedia":[{"embeddable":true,"href":"https:\/\/visionpeninsular.com\/mid\/wp-json\/wp\/v2\/media\/149239"}],"wp:attachment":[{"href":"https:\/\/visionpeninsular.com\/mid\/wp-json\/wp\/v2\/media?parent=162658"}],"wp:term":[{"taxonomy":"category","embeddable":true,"href":"https:\/\/visionpeninsular.com\/mid\/wp-json\/wp\/v2\/categories?post=162658"},{"taxonomy":"post_tag","embeddable":true,"href":"https:\/\/visionpeninsular.com\/mid\/wp-json\/wp\/v2\/tags?post=162658"}],"curies":[{"name":"wp","href":"https:\/\/api.w.org\/{rel}","templated":true}]}}