{"id":16200,"date":"2016-11-08T05:47:45","date_gmt":"2016-11-08T11:47:45","guid":{"rendered":"http:\/\/visionpeninsular.com\/mid\/?p=16200"},"modified":"2016-11-08T05:58:53","modified_gmt":"2016-11-08T11:58:53","slug":"capacitacion-docente-en-campeche-saig","status":"publish","type":"post","link":"https:\/\/visionpeninsular.com\/mid\/capacitacion-docente-en-campeche-saig\/","title":{"rendered":"El Centro de Capacitaci\u00f3n Docente ser\u00e1 una realidad en Campeche"},"content":{"rendered":"<p>Gustavo ortiz Gonz\u00e1lez, Titular de la Secretar\u00eda de Administraci\u00f3n e Innovaci\u00f3n Gubernamental (SAIG) indic\u00f3 que de ser requerido por la SEDUC ellos se encargar\u00edan de buscar el espacio para el Centro de Evaluaci\u00f3n y Capacitaci\u00f3n Permanente de los docentes, sin embargo, hasta ahora no notificaci\u00f3n alguna sobre tal petici\u00f3n a\u00fan cuando el Gobernador Alejandro Moreno C\u00e1rdenas indic\u00f3 que el edificio ser\u00eda construido. <\/p>\n<p>En este sentido, record\u00f3 que este Centro es un proyecto de la administraci\u00f3n Estatal que deber\u00e1 contar con el aval del Presidente Enrique Pe\u00f1a Nieto y del Secretar\u00eda de Educaci\u00f3n P\u00fablica del Pa\u00eds, Aurelio Nu\u00f1o Mayer. <\/p>\n<p>Ort\u00edz Gonz\u00e1lez, indic\u00f3 que el Gobierno del Estado a\u00fan trabaja en lo que ser\u00e1 el proyecto pero en cuanto este listo se encontrar\u00e1 la SAIG en la mayor disposici\u00f3n para buscar el inmueble. <\/p>\n<div class='share-to-whatsapp-wrapper'><div class='share-on-whsp'>Share on: <\/div><a data-text='El Centro de Capacitaci\u00f3n Docente ser\u00e1 una realidad en Campeche' data-link='https:\/\/visionpeninsular.com\/mid\/capacitacion-docente-en-campeche-saig\/' class='whatsapp-button whatsapp-share'>WhatsApp<\/a><div class='clear '><\/div><\/div>","protected":false},"excerpt":{"rendered":"<p>Gustavo ortiz Gonz\u00e1lez, Titular de la Secretar\u00eda de Administraci\u00f3n e Innovaci\u00f3n Gubernamental (SAIG) indic\u00f3 que de ser requerido por la SEDUC ellos se encargar\u00edan de buscar el espacio para el Centro de Evaluaci\u00f3n y Capacitaci\u00f3n Permanente de los docentes, sin embargo, hasta ahora no notificaci\u00f3n alguna sobre tal petici\u00f3n a\u00fan cuando el Gobernador Alejandro Moreno &hellip;<\/p>\n","protected":false},"author":1,"featured_media":0,"comment_status":"open","ping_status":"open","sticky":false,"template":"","format":"standard","meta":{"_mi_skip_tracking":false},"categories":[45],"tags":[3648],"_links":{"self":[{"href":"https:\/\/visionpeninsular.com\/mid\/wp-json\/wp\/v2\/posts\/16200"}],"collection":[{"href":"https:\/\/visionpeninsular.com\/mid\/wp-json\/wp\/v2\/posts"}],"about":[{"href":"https:\/\/visionpeninsular.com\/mid\/wp-json\/wp\/v2\/types\/post"}],"author":[{"embeddable":true,"href":"https:\/\/visionpeninsular.com\/mid\/wp-json\/wp\/v2\/users\/1"}],"replies":[{"embeddable":true,"href":"https:\/\/visionpeninsular.com\/mid\/wp-json\/wp\/v2\/comments?post=16200"}],"version-history":[{"count":1,"href":"https:\/\/visionpeninsular.com\/mid\/wp-json\/wp\/v2\/posts\/16200\/revisions"}],"predecessor-version":[{"id":16202,"href":"https:\/\/visionpeninsular.com\/mid\/wp-json\/wp\/v2\/posts\/16200\/revisions\/16202"}],"wp:attachment":[{"href":"https:\/\/visionpeninsular.com\/mid\/wp-json\/wp\/v2\/media?parent=16200"}],"wp:term":[{"taxonomy":"category","embeddable":true,"href":"https:\/\/visionpeninsular.com\/mid\/wp-json\/wp\/v2\/categories?post=16200"},{"taxonomy":"post_tag","embeddable":true,"href":"https:\/\/visionpeninsular.com\/mid\/wp-json\/wp\/v2\/tags?post=16200"}],"curies":[{"name":"wp","href":"https:\/\/api.w.org\/{rel}","templated":true}]}}