{"id":161828,"date":"2022-10-27T23:31:25","date_gmt":"2022-10-28T04:31:25","guid":{"rendered":"https:\/\/visionpeninsular.com\/mid\/?p=161828"},"modified":"2022-10-27T23:31:28","modified_gmt":"2022-10-28T04:31:28","slug":"festival-de-las-animas-un-atractivo-para-los-turistas-asiaticos-y-europeos","status":"publish","type":"post","link":"https:\/\/visionpeninsular.com\/mid\/festival-de-las-animas-un-atractivo-para-los-turistas-asiaticos-y-europeos\/","title":{"rendered":"Festival de las \u00c1nimas, un atractivo para los turistas asi\u00e1ticos y europeos"},"content":{"rendered":"\n<h2 class=\"has-text-align-center\">\u2022Durante el fin de semana que se realiza el Paseo de las \u00c1nimas y la Feria del Mucbilpollo, la ocupaci\u00f3n hotelera reporta un aumento en su ocupaci\u00f3n que va de un 50 hasta un 70%<\/h2>\n\n\n\n<p>M\u00e9rida, Yucat\u00e1n, a 28 de octubre de 2022.\u2013 El Festival de las \u00c1nimas posicion\u00f3 a M\u00e9rida en el gusto de los turistas europeos y asi\u00e1ticos, quienes llegan atra\u00eddos por la oferta cultural que se presenta, especialmente cuando se realizan el Paseo de las \u00c1nimas y la Feria del Mucbilpollo, afirm\u00f3 el director de Desarrollo Econ\u00f3mico y de Turismo, Jos\u00e9 Luis Mart\u00ednez Semerena.<\/p>\n\n\n\n<p>Octubre es una \u00e9poca muy baja para el sector tur\u00edstico, pero en el fin de semana que se realizan los eventos estrellas del Festival de las \u00c1nimas es cuando los hoteles reportan una ocupaci\u00f3n que incrementan de un 50 hasta un 70%, afirm\u00f3. \u00a0<\/p>\n\n\n\n<p>El inter\u00e9s de las agencias de viaje por este proyecto comienza desde cuatro seis meses de anticipaci\u00f3n, de ah\u00ed que turistas de Alemania, Corea del Sur, Espa\u00f1a, Jap\u00f3n y China, en menor medida, visiten la capital yucateca en estos D\u00edas de Muertos. \u00abEs un festival, para ellos, muy importante porque mostramos lo que sucede despu\u00e9s de la muerte con el tema del Janal Pix\u00e1n\u00bb, coment\u00f3 el entrevistado.<\/p>\n\n\n\n<p>El siguiente paso es posicionar a M\u00e9rida en otros pa\u00edses del Orbe. \u00abEl Aeropuerto de M\u00e9rida nos entregar\u00e1 para final de mes un reporte para conocer el origen de los visitantes. Con base en esos datos y a trav\u00e9s del programa \u201cM\u00e9rida en el Mundo\u201d promocionaremos nuestros festivales y atractivos tur\u00edsticos, de tal manera que sea un tiro seguro para atraer m\u00e1s visitantes\u00bb, adelant\u00f3 el funcionario municipal.<\/p>\n\n\n\n<p>Tambi\u00e9n se promociona la Feria Artesanal Tunich, la m\u00e1s importante en cuanto a la piedra y madera del Sureste; las ediciones de la Noche Blanca, los festivales gastron\u00f3micos, las rutas tur\u00edsticas y las actividades culturales como videomapping, Di\u00e1logos del Conquistador y las Serenatas en Santa Luc\u00eda. \u00a0<\/p>\n\n\n\n<div class=\"wp-block-image\"><figure class=\"aligncenter size-large\"><img loading=\"lazy\" width=\"1024\" height=\"682\" src=\"https:\/\/visionpeninsular.com\/mid\/wp-content\/uploads\/2022\/10\/WhatsApp-Image-2022-10-27-at-4.40.54-PM-1024x682.jpeg\" alt=\"\" class=\"wp-image-161830\" srcset=\"https:\/\/visionpeninsular.com\/mid\/wp-content\/uploads\/2022\/10\/WhatsApp-Image-2022-10-27-at-4.40.54-PM-1024x682.jpeg 1024w, https:\/\/visionpeninsular.com\/mid\/wp-content\/uploads\/2022\/10\/WhatsApp-Image-2022-10-27-at-4.40.54-PM-300x200.jpeg 300w, https:\/\/visionpeninsular.com\/mid\/wp-content\/uploads\/2022\/10\/WhatsApp-Image-2022-10-27-at-4.40.54-PM-768x512.jpeg 768w, https:\/\/visionpeninsular.com\/mid\/wp-content\/uploads\/2022\/10\/WhatsApp-Image-2022-10-27-at-4.40.54-PM-310x205.jpeg 310w, https:\/\/visionpeninsular.com\/mid\/wp-content\/uploads\/2022\/10\/WhatsApp-Image-2022-10-27-at-4.40.54-PM.jpeg 1280w\" sizes=\"(max-width: 1024px) 100vw, 1024px\" \/><figcaption> El inter\u00e9s de las agencias de viaje por el Festival de las \u00c1nimas comienza desde cuatro seis meses de anticipaci\u00f3n, de ah\u00ed que turistas de Alemania, Corea del Sur, Espa\u00f1a, Jap\u00f3n y China, en menor medida, visiten la capital yucateca en estos D\u00edas de Muertos (CR\u00c9DITO: Cortes\u00eda) <\/figcaption><\/figure><\/div>\n\n\n\n<p><\/p>\n<div class='share-to-whatsapp-wrapper'><div class='share-on-whsp'>Share on: <\/div><a data-text='Festival de las \u00c1nimas, un atractivo para los turistas asi\u00e1ticos y europeos' data-link='https:\/\/visionpeninsular.com\/mid\/festival-de-las-animas-un-atractivo-para-los-turistas-asiaticos-y-europeos\/' class='whatsapp-button whatsapp-share'>WhatsApp<\/a><div class='clear '><\/div><\/div>","protected":false},"excerpt":{"rendered":"<p>\u2022Durante el fin de semana que se realiza el Paseo de las \u00c1nimas y la Feria del Mucbilpollo, la ocupaci\u00f3n hotelera reporta un aumento en su ocupaci\u00f3n que va de un 50 hasta un 70% M\u00e9rida, Yucat\u00e1n, a 28 de octubre de 2022.\u2013 El Festival de las \u00c1nimas posicion\u00f3 a M\u00e9rida en el gusto de &hellip;<\/p>\n","protected":false},"author":11,"featured_media":161830,"comment_status":"open","ping_status":"open","sticky":false,"template":"","format":"standard","meta":{"_mi_skip_tracking":false},"categories":[49,37],"tags":[33573,18087,8615,31665,13607,3227],"_links":{"self":[{"href":"https:\/\/visionpeninsular.com\/mid\/wp-json\/wp\/v2\/posts\/161828"}],"collection":[{"href":"https:\/\/visionpeninsular.com\/mid\/wp-json\/wp\/v2\/posts"}],"about":[{"href":"https:\/\/visionpeninsular.com\/mid\/wp-json\/wp\/v2\/types\/post"}],"author":[{"embeddable":true,"href":"https:\/\/visionpeninsular.com\/mid\/wp-json\/wp\/v2\/users\/11"}],"replies":[{"embeddable":true,"href":"https:\/\/visionpeninsular.com\/mid\/wp-json\/wp\/v2\/comments?post=161828"}],"version-history":[{"count":1,"href":"https:\/\/visionpeninsular.com\/mid\/wp-json\/wp\/v2\/posts\/161828\/revisions"}],"predecessor-version":[{"id":161831,"href":"https:\/\/visionpeninsular.com\/mid\/wp-json\/wp\/v2\/posts\/161828\/revisions\/161831"}],"wp:featuredmedia":[{"embeddable":true,"href":"https:\/\/visionpeninsular.com\/mid\/wp-json\/wp\/v2\/media\/161830"}],"wp:attachment":[{"href":"https:\/\/visionpeninsular.com\/mid\/wp-json\/wp\/v2\/media?parent=161828"}],"wp:term":[{"taxonomy":"category","embeddable":true,"href":"https:\/\/visionpeninsular.com\/mid\/wp-json\/wp\/v2\/categories?post=161828"},{"taxonomy":"post_tag","embeddable":true,"href":"https:\/\/visionpeninsular.com\/mid\/wp-json\/wp\/v2\/tags?post=161828"}],"curies":[{"name":"wp","href":"https:\/\/api.w.org\/{rel}","templated":true}]}}