{"id":161759,"date":"2022-10-26T10:28:12","date_gmt":"2022-10-26T15:28:12","guid":{"rendered":"https:\/\/visionpeninsular.com\/mid\/?p=161759"},"modified":"2022-10-26T10:28:15","modified_gmt":"2022-10-26T15:28:15","slug":"joven-escultista-presidente-de-la-codhey-por-un-dia","status":"publish","type":"post","link":"https:\/\/visionpeninsular.com\/mid\/joven-escultista-presidente-de-la-codhey-por-un-dia\/","title":{"rendered":"Joven escultista, presidente de la CODHEY por un d\u00eda"},"content":{"rendered":"\n<p>M\u00e9rida, Yucat\u00e1n; 25 de octubre de 2022.- El escultista Emmanuel Marcial Ek Moo tom\u00f3 protesta como Presidente por un D\u00eda de la Comisi\u00f3n de Derechos Humanos del Estado de Yucat\u00e1n (CODHEY), jornada en la que particip\u00f3 en la Feria del Libro de la Facultad de Derecho, as\u00ed como en la supervisi\u00f3n de la c\u00e1rcel de M\u00e9rida.<\/p>\n\n\n\n<p>La ceremonia de toma de protesta e intercambio de pa\u00f1oletas con el Presidente de la CODHEY, Miguel Oscar Sabido Santana, se realiz\u00f3 por la ma\u00f1ana en las oficinas de la CODHEY, donde posteriormente realiz\u00f3 un recorrido por las instalaciones para conocer la labor que se realiza en el organismo defensor.<\/p>\n\n\n\n<p>El Presidente de la CODHEY, Miguel Oscar Sabido Santana destac\u00f3 la valiosa labor que realizan los Scouts en favor de la sociedad, pues al igual que la CODHEY, velan por el respeto a los derechos humanos.<\/p>\n\n\n\n<figure class=\"wp-block-image size-full\"><img loading=\"lazy\" width=\"768\" height=\"512\" src=\"https:\/\/visionpeninsular.com\/mid\/wp-content\/uploads\/2022\/10\/CODHEY-ESCULTISTA2-scaled-1.jpg\" alt=\"\" class=\"wp-image-161762\" srcset=\"https:\/\/visionpeninsular.com\/mid\/wp-content\/uploads\/2022\/10\/CODHEY-ESCULTISTA2-scaled-1.jpg 768w, https:\/\/visionpeninsular.com\/mid\/wp-content\/uploads\/2022\/10\/CODHEY-ESCULTISTA2-scaled-1-300x200.jpg 300w\" sizes=\"(max-width: 768px) 100vw, 768px\" \/><\/figure>\n\n\n\n<p>Y le dio la bienvenida al estudiante de la Licenciatura Institucional en Qu\u00edmica Aplicada de la Universidad Aut\u00f3noma de Yucat\u00e1n, quien destac\u00f3 por su proyecto en favor del derecho humano al ambiente sano.<\/p>\n\n\n\n<p>Sabido Santana record\u00f3 que desde el 2011, la CODHEY forma parte de las actividades de la Semana Scout y recibe a las y los j\u00f3venes escultistas interesados en los derechos humanos.<\/p>\n\n\n\n<p>Emmanuel Marcial Ek, forma parte de la Asociaci\u00f3n de Scouts de M\u00e9xico, Grupo 2 San Crist\u00f3bal en la Comunidad de Caminantes Ozark, tiene 17 a\u00f1os y particip\u00f3 con el proyecto \u201cTz\u2019onot kuxa\u2019an\u201d, que traducido al espa\u00f1ol significa \u201cCenote vivo\u201d.<\/p>\n\n\n\n<p>El proyecto est\u00e1 enfocado en la educaci\u00f3n ambiental, como recurso para preservar el ambiente sano.<\/p>\n\n\n\n<p>El promotor de la \u201cqu\u00edmica verde\u201d, tambi\u00e9n conocida como qu\u00edmica sostenible, dijo sentirse honrado al ocupar el encargo de Presidente de la CODHEY por un d\u00eda, y conoci\u00f3 de cerca la labor que se realiza en defensa de los derechos de las personas m\u00e1s vulnerables.<\/p>\n\n\n\n<figure class=\"wp-block-image size-full\"><img loading=\"lazy\" width=\"768\" height=\"512\" src=\"https:\/\/visionpeninsular.com\/mid\/wp-content\/uploads\/2022\/10\/CODHEY-ESCULTISTA1-scaled-1.jpg\" alt=\"\" class=\"wp-image-161763\" srcset=\"https:\/\/visionpeninsular.com\/mid\/wp-content\/uploads\/2022\/10\/CODHEY-ESCULTISTA1-scaled-1.jpg 768w, https:\/\/visionpeninsular.com\/mid\/wp-content\/uploads\/2022\/10\/CODHEY-ESCULTISTA1-scaled-1-300x200.jpg 300w\" sizes=\"(max-width: 768px) 100vw, 768px\" \/><\/figure>\n\n\n\n<p>En la primera actividad externa, el escultista particip\u00f3 en la inauguraci\u00f3n de la Feria del Libro en la Facultad de Derecho, en el Campus de Ciencias Sociales, Econ\u00f3mico Administrativas y Humanidades de la UADY, donde recorri\u00f3 los stands de las librer\u00edas participantes.<\/p>\n\n\n\n<p>En el evento universitario particip\u00f3 la CODHEY a trav\u00e9s del Centro de Documentaci\u00f3n y Biblioteca \u201cDiego C\u00f3rtes Alpizar\u201d.<\/p>\n\n\n\n<p>Posteriormente, acudi\u00f3 junto con el personal del Centro de Supervisi\u00f3n Permanente a Organismos P\u00fablicos de la CODHEY a la supervisi\u00f3n de la c\u00e1rcel de M\u00e9rida, ubicada en el centro de la ciudad.<\/p>\n<div class='share-to-whatsapp-wrapper'><div class='share-on-whsp'>Share on: <\/div><a data-text='Joven escultista, presidente de la CODHEY por un d\u00eda' data-link='https:\/\/visionpeninsular.com\/mid\/joven-escultista-presidente-de-la-codhey-por-un-dia\/' class='whatsapp-button whatsapp-share'>WhatsApp<\/a><div class='clear '><\/div><\/div>","protected":false},"excerpt":{"rendered":"<p>M\u00e9rida, Yucat\u00e1n; 25 de octubre de 2022.- El escultista Emmanuel Marcial Ek Moo tom\u00f3 protesta como Presidente por un D\u00eda de la Comisi\u00f3n de Derechos Humanos del Estado de Yucat\u00e1n (CODHEY), jornada en la que particip\u00f3 en la Feria del Libro de la Facultad de Derecho, as\u00ed como en la supervisi\u00f3n de la c\u00e1rcel de &hellip;<\/p>\n","protected":false},"author":5,"featured_media":161761,"comment_status":"open","ping_status":"open","sticky":false,"template":"","format":"standard","meta":{"_mi_skip_tracking":false},"categories":[50,37],"tags":[468,33551],"_links":{"self":[{"href":"https:\/\/visionpeninsular.com\/mid\/wp-json\/wp\/v2\/posts\/161759"}],"collection":[{"href":"https:\/\/visionpeninsular.com\/mid\/wp-json\/wp\/v2\/posts"}],"about":[{"href":"https:\/\/visionpeninsular.com\/mid\/wp-json\/wp\/v2\/types\/post"}],"author":[{"embeddable":true,"href":"https:\/\/visionpeninsular.com\/mid\/wp-json\/wp\/v2\/users\/5"}],"replies":[{"embeddable":true,"href":"https:\/\/visionpeninsular.com\/mid\/wp-json\/wp\/v2\/comments?post=161759"}],"version-history":[{"count":1,"href":"https:\/\/visionpeninsular.com\/mid\/wp-json\/wp\/v2\/posts\/161759\/revisions"}],"predecessor-version":[{"id":161764,"href":"https:\/\/visionpeninsular.com\/mid\/wp-json\/wp\/v2\/posts\/161759\/revisions\/161764"}],"wp:featuredmedia":[{"embeddable":true,"href":"https:\/\/visionpeninsular.com\/mid\/wp-json\/wp\/v2\/media\/161761"}],"wp:attachment":[{"href":"https:\/\/visionpeninsular.com\/mid\/wp-json\/wp\/v2\/media?parent=161759"}],"wp:term":[{"taxonomy":"category","embeddable":true,"href":"https:\/\/visionpeninsular.com\/mid\/wp-json\/wp\/v2\/categories?post=161759"},{"taxonomy":"post_tag","embeddable":true,"href":"https:\/\/visionpeninsular.com\/mid\/wp-json\/wp\/v2\/tags?post=161759"}],"curies":[{"name":"wp","href":"https:\/\/api.w.org\/{rel}","templated":true}]}}