{"id":161600,"date":"2022-10-22T10:52:46","date_gmt":"2022-10-22T15:52:46","guid":{"rendered":"https:\/\/visionpeninsular.com\/mid\/?p=161600"},"modified":"2022-10-22T10:52:49","modified_gmt":"2022-10-22T15:52:49","slug":"la-feria-nacional-del-empleo-para-la-inclusion-ofrecera-500-vacantes","status":"publish","type":"post","link":"https:\/\/visionpeninsular.com\/mid\/la-feria-nacional-del-empleo-para-la-inclusion-ofrecera-500-vacantes\/","title":{"rendered":"La Feria Nacional del Empleo para la Inclusi\u00f3n ofrecer\u00e1 500 vacantes"},"content":{"rendered":"\n<p>M\u00e9rida, Yucat\u00e1n, 21 de octubre de 2022.- La sub secretaria del Trabajo, del Gobierno del Estado Irais Bar\u00f3n Zerme\u00f1o, inform\u00f3 que en la Feria Nacional de Empleo para la Inclusi\u00f3n Laboral, a realizarse el pr\u00f3ximo 27 de octubre en el Centro de Convenciones \u201cSiglo XXI\u201d, participar\u00e1n 25 empresas del giro industrial, comercial y de servicio con una oferta de 550 vacantes.<\/p>\n\n\n\n<p>La mitad de los puestos de trabajo ser\u00e1n para personas con discapacidad, jefas de familia, mujeres violentadas, j\u00f3venes sin experiencia y adultos mayores.<\/p>\n\n\n\n<p>Para la jornada que ser\u00e1 de 8 de la ma\u00f1ana a 5 de la tarde se ha dispuesto transporte gratuito que partir\u00e1 del parque de Santa Luc\u00eda, en calle 60 por 55, as\u00ed como del Centro de Rehabilitaci\u00f3n y Educaci\u00f3n Especial (CREE), frente a la ex penitenciar\u00eda Ju\u00e1rez.<\/p>\n\n\n\n<p>Por su parte, la titular del Servicio Nacional de Empleo en Yucat\u00e1n, Itzel Falla Uribe, detall\u00f3 que los sueldos para el personal operativo van de 5,250 pesos a los 12,136 pesos al mes, en tanto que para profesionistas el rango es de 8,000 a 22,000.<\/p>\n\n\n\n<p>Adem\u00e1s de acudir con sus respectivas solicitudes de empleo y curr\u00edculum vitae, las y los aspirantes deber\u00e1n inscribirse en la p\u00e1gina www.ferias.empleo.gob.mx y llevar su registro impreso, copia del CURP y del INE.<\/p>\n<div class='share-to-whatsapp-wrapper'><div class='share-on-whsp'>Share on: <\/div><a data-text='La Feria Nacional del Empleo para la Inclusi\u00f3n ofrecer\u00e1 500 vacantes' data-link='https:\/\/visionpeninsular.com\/mid\/la-feria-nacional-del-empleo-para-la-inclusion-ofrecera-500-vacantes\/' class='whatsapp-button whatsapp-share'>WhatsApp<\/a><div class='clear '><\/div><\/div>","protected":false},"excerpt":{"rendered":"<p>M\u00e9rida, Yucat\u00e1n, 21 de octubre de 2022.- La sub secretaria del Trabajo, del Gobierno del Estado Irais Bar\u00f3n Zerme\u00f1o, inform\u00f3 que en la Feria Nacional de Empleo para la Inclusi\u00f3n Laboral, a realizarse el pr\u00f3ximo 27 de octubre en el Centro de Convenciones \u201cSiglo XXI\u201d, participar\u00e1n 25 empresas del giro industrial, comercial y de servicio &hellip;<\/p>\n","protected":false},"author":5,"featured_media":161602,"comment_status":"open","ping_status":"open","sticky":false,"template":"","format":"standard","meta":{"_mi_skip_tracking":false},"categories":[49,37],"tags":[33322,33506,185,33507],"_links":{"self":[{"href":"https:\/\/visionpeninsular.com\/mid\/wp-json\/wp\/v2\/posts\/161600"}],"collection":[{"href":"https:\/\/visionpeninsular.com\/mid\/wp-json\/wp\/v2\/posts"}],"about":[{"href":"https:\/\/visionpeninsular.com\/mid\/wp-json\/wp\/v2\/types\/post"}],"author":[{"embeddable":true,"href":"https:\/\/visionpeninsular.com\/mid\/wp-json\/wp\/v2\/users\/5"}],"replies":[{"embeddable":true,"href":"https:\/\/visionpeninsular.com\/mid\/wp-json\/wp\/v2\/comments?post=161600"}],"version-history":[{"count":1,"href":"https:\/\/visionpeninsular.com\/mid\/wp-json\/wp\/v2\/posts\/161600\/revisions"}],"predecessor-version":[{"id":161603,"href":"https:\/\/visionpeninsular.com\/mid\/wp-json\/wp\/v2\/posts\/161600\/revisions\/161603"}],"wp:featuredmedia":[{"embeddable":true,"href":"https:\/\/visionpeninsular.com\/mid\/wp-json\/wp\/v2\/media\/161602"}],"wp:attachment":[{"href":"https:\/\/visionpeninsular.com\/mid\/wp-json\/wp\/v2\/media?parent=161600"}],"wp:term":[{"taxonomy":"category","embeddable":true,"href":"https:\/\/visionpeninsular.com\/mid\/wp-json\/wp\/v2\/categories?post=161600"},{"taxonomy":"post_tag","embeddable":true,"href":"https:\/\/visionpeninsular.com\/mid\/wp-json\/wp\/v2\/tags?post=161600"}],"curies":[{"name":"wp","href":"https:\/\/api.w.org\/{rel}","templated":true}]}}