{"id":161460,"date":"2022-10-19T13:52:33","date_gmt":"2022-10-19T18:52:33","guid":{"rendered":"https:\/\/visionpeninsular.com\/mid\/?p=161460"},"modified":"2022-10-19T13:52:34","modified_gmt":"2022-10-19T18:52:34","slug":"la-osy-presentara-cuentos-narrados-con-musica-la-historia-de-babar-el-pequeno-elefante-y-pedro-y-el-lobo","status":"publish","type":"post","link":"https:\/\/visionpeninsular.com\/mid\/la-osy-presentara-cuentos-narrados-con-musica-la-historia-de-babar-el-pequeno-elefante-y-pedro-y-el-lobo\/","title":{"rendered":"La OSY presentar\u00e1 cuentos narrados con m\u00fasica, \u201cLa historia de Babar, el peque\u00f1o elefante\u201d y \u201cPedro y  el lobo\u201d"},"content":{"rendered":"\n<p>La Orquesta Sinf\u00f3nica de Yucat\u00e1n (OSY) presentar\u00e1 este pr\u00f3ximo fin de semana los cuentos \u201cLa historia de Babar, el peque\u00f1o elefante\u201d y \u201cPedro y el Lobo\u201d, &nbsp;musicalizados, bajo la direcci\u00f3n del compositor yucateco Alejandro Basulto Mart\u00ednez y con la distinguida venezolana Mar\u00eda Eugenia Guerrero como narradora, un deleite para chicos y grandes, en el Teatro \u201cJos\u00e9 Pe\u00f3n Contreras\u201d.<\/p>\n\n\n\n<p>Seg\u00fan se dio a conocer en la presentaci\u00f3n oficial, en la misma sede, el objetivo del cuento tradicional con m\u00fasica, adem\u00e1s de desarrollar la imaginaci\u00f3n y la concentraci\u00f3n, es ense\u00f1ar a los espectadores, principalmente a los ni\u00f1os, a reconocer los instrumentos de la orquesta, un ejercicio que concentra magia y literatura.<\/p>\n\n\n\n<p>\u201cVamos a tener la oportunidad de escuchar dos joyas de la literatura infantil, seguramente muchos tuvimos la fortuna de haber le\u00eddo estos dos cuentos, concebidos para ser musicalizados y eso los hace especiales. En nuestra cultura no son muy comunes, pero precisamente esa es la funci\u00f3n, misi\u00f3n y vocaci\u00f3n de nuestra orquesta, acercar la literatura universal a nuestra comunidad\u201d, indic\u00f3 Miguel Escobedo Novelo, Director General del Fideicomiso Garante de la OSY.<\/p>\n\n\n\n<p>Cabe se\u00f1alar que se programaron dos funciones, la primera el viernes 21, a las 18.00 horas, as\u00ed como el domingo, al mediod\u00eda.<\/p>\n\n\n\n<p>\u201cTenemos una agradable sorpresa, para empezar \u2018Pedro y el Lobo\u2019 es una de las piezas m\u00e1s populares de la literatura orquestal, hay drama y est\u00e1 enfocada a un p\u00fablico que a veces no le prestamos la atenci\u00f3n adecuada, a veces pensamos que los ni\u00f1os no van a entenderlo y son mucho m\u00e1s inteligentes de lo que pensamos, claro que lo entienden. Quiz\u00e1s no van salir de aqu\u00ed queriendo ser m\u00fasicos, pero saldr\u00e1n siendo personas diferentes\u201d, expres\u00f3 Alejandro Basulto Mart\u00ednez.<\/p>\n\n\n\n<p>De manera alternada, la maestra Mar\u00eda Eugenia Guerrero y los ejecutantes de la orquesta difundir\u00e1n el contenido de las narraciones, reforzadas musicalmente en sendas presentaciones, que contar\u00e1n con descuentos de promoci\u00f3n del 25 por ciento para los reyes del hogar.<\/p>\n\n\n\n<p>\u201cTodo trabajo que hagamos para que los ni\u00f1os se acerquen a la cultura y la m\u00fasica es poco, ah\u00ed est\u00e1 el futuro, hay que construir, edificar y fortalecer, esto ser\u00e1 una fiesta y es bell\u00edsimo poder estar como educadora y artista contando estas historias que se hicieron para que la orquesta sea el narrador\u201d, manifest\u00f3 Guerrero<\/p>\n\n\n\n<p>La \u201cHistoria de Babar, el peque\u00f1o elefante\u201d, es del escritor e ilustrador franc\u00e9s Jean de Brunhoff y por azar lleg\u00f3 a manos de Francis Poulenc, quien cre\u00f3 un melodrama que combina la lectura con interludios musicales, en una versi\u00f3n para narrador y piano, estrenada en 1946.<\/p>\n\n\n\n<p>En cuanto a \u201cPedro y el Lobo\u201d, es una obra de Sergei Prokofiev, elaborada en s\u00f3lo cuatro d\u00edas por encargo del Teatro Centro Infantil de Mosc\u00fa para cultivar el gusto musical en los ni\u00f1os desde los primeros a\u00f1os de escuela. El estreno se produjo el 2 de mayo de 1936 y desde entonces forma parte del repertorio de toda orquesta.<\/p>\n\n\n\n<p>Al anuncio asisti\u00f3 igualmente Loreto Villanueva Trujillo, Secretaria de la Cultura y las Artes de Yucat\u00e1n; adem\u00e1s de Margarita Molina Zald\u00edvar, presidenta del Patronato para la OSY.<\/p>\n<div class='share-to-whatsapp-wrapper'><div class='share-on-whsp'>Share on: <\/div><a data-text='La OSY presentar\u00e1 cuentos narrados con m\u00fasica, \u201cLa historia de Babar, el peque\u00f1o elefante\u201d y \u201cPedro y  el lobo\u201d' data-link='https:\/\/visionpeninsular.com\/mid\/la-osy-presentara-cuentos-narrados-con-musica-la-historia-de-babar-el-pequeno-elefante-y-pedro-y-el-lobo\/' class='whatsapp-button whatsapp-share'>WhatsApp<\/a><div class='clear '><\/div><\/div>","protected":false},"excerpt":{"rendered":"<p>La Orquesta Sinf\u00f3nica de Yucat\u00e1n (OSY) presentar\u00e1 este pr\u00f3ximo fin de semana los cuentos \u201cLa historia de Babar, el peque\u00f1o elefante\u201d y \u201cPedro y el Lobo\u201d, &nbsp;musicalizados, bajo la direcci\u00f3n del compositor yucateco Alejandro Basulto Mart\u00ednez y con la distinguida venezolana Mar\u00eda Eugenia Guerrero como narradora, un deleite para chicos y grandes, en el Teatro &hellip;<\/p>\n","protected":false},"author":5,"featured_media":161462,"comment_status":"open","ping_status":"open","sticky":false,"template":"","format":"standard","meta":{"_mi_skip_tracking":false},"categories":[49,37],"tags":[33465,33464,8020,33466,1557],"_links":{"self":[{"href":"https:\/\/visionpeninsular.com\/mid\/wp-json\/wp\/v2\/posts\/161460"}],"collection":[{"href":"https:\/\/visionpeninsular.com\/mid\/wp-json\/wp\/v2\/posts"}],"about":[{"href":"https:\/\/visionpeninsular.com\/mid\/wp-json\/wp\/v2\/types\/post"}],"author":[{"embeddable":true,"href":"https:\/\/visionpeninsular.com\/mid\/wp-json\/wp\/v2\/users\/5"}],"replies":[{"embeddable":true,"href":"https:\/\/visionpeninsular.com\/mid\/wp-json\/wp\/v2\/comments?post=161460"}],"version-history":[{"count":1,"href":"https:\/\/visionpeninsular.com\/mid\/wp-json\/wp\/v2\/posts\/161460\/revisions"}],"predecessor-version":[{"id":161463,"href":"https:\/\/visionpeninsular.com\/mid\/wp-json\/wp\/v2\/posts\/161460\/revisions\/161463"}],"wp:featuredmedia":[{"embeddable":true,"href":"https:\/\/visionpeninsular.com\/mid\/wp-json\/wp\/v2\/media\/161462"}],"wp:attachment":[{"href":"https:\/\/visionpeninsular.com\/mid\/wp-json\/wp\/v2\/media?parent=161460"}],"wp:term":[{"taxonomy":"category","embeddable":true,"href":"https:\/\/visionpeninsular.com\/mid\/wp-json\/wp\/v2\/categories?post=161460"},{"taxonomy":"post_tag","embeddable":true,"href":"https:\/\/visionpeninsular.com\/mid\/wp-json\/wp\/v2\/tags?post=161460"}],"curies":[{"name":"wp","href":"https:\/\/api.w.org\/{rel}","templated":true}]}}