{"id":161366,"date":"2022-10-18T07:00:00","date_gmt":"2022-10-18T12:00:00","guid":{"rendered":"https:\/\/visionpeninsular.com\/mid\/?p=161366"},"modified":"2022-10-17T23:01:49","modified_gmt":"2022-10-18T04:01:49","slug":"scjn-validara-la-constitucionalidad-de-la-ley-3-de-3-de-yucatan-todas-mx","status":"publish","type":"post","link":"https:\/\/visionpeninsular.com\/mid\/scjn-validara-la-constitucionalidad-de-la-ley-3-de-3-de-yucatan-todas-mx\/","title":{"rendered":"SCJN validar\u00e1 la constitucionalidad de la Ley 3 de 3 de Yucat\u00e1n: Todas MX"},"content":{"rendered":"\n<h2 class=\"has-text-align-center\">\u2022 \u00abLas mujeres no quieren nunca m\u00e1s candidatos violadores, agresores o deudores de pensi\u00f3n como tampoco los quieren de funcionarios p\u00fablicos\u00bb, afirm\u00f3 Patricia Olamendi Torres<\/h2>\n\n\n\n<p>M\u00e9rida, Yucat\u00e1n, a 17 de octubre de 2022.\u2013 La fundadora de la fuerza pol\u00edtica Todas MX, Patricia Olamendi Torres, extern\u00f3 p\u00fablicamente en que la Suprema Corte de Justicia de la Naci\u00f3n (SCJN) fallar\u00e1 en favor de la Legislatura 63, las colectivas feministas y ni\u00f1os, ni\u00f1as, adolescentes y mujeres que han sido v\u00edctimas de violencia econ\u00f3mica.<\/p>\n\n\n\n<p>El pasado mes de agosto, la Comisi\u00f3n Nacional de los Derechos Humanos (CNDH) interpuso una acci\u00f3n de inconstitucionalidad ante la M\u00e1xima Tribuna de M\u00e9xico porque la 3 de 3 vulnera los derechos de los deudores alimentarios morosos.<\/p>\n\n\n\n<p>En respuesta, representantes de la Sociedad Civil Organizada de todo el pa\u00eds firmaron un <em>Amicus Curae<\/em> para respaldar la decisi\u00f3n aprobada el pasado 31 de mayo por &nbsp;los legisladores de cinco fuerzas pol\u00edticas del Congreso del Estado.<\/p>\n\n\n\n<p>En d\u00edas pasados, la desech\u00f3 la acci\u00f3n de inconstitucionalidad que la CNDH promovi\u00f3 en contra del art\u00edculo 31, fracci\u00f3n V, de la Ley de Transparencia y Acceso a la Informaci\u00f3n P\u00fablica Estatal.<\/p>\n\n\n\n<p>La Corte analiz\u00f3 la validez de dicho art\u00edculo que establece que, para el cargo de Comisionado del Instituto de Transparencia, Acceso a la Informaci\u00f3n P\u00fablica Gubernamental y Protecci\u00f3n de Datos Personales del Estado de Hidalgo se requiere: \u00abno ser deudora o deudor alimentario moroso, salvo que acredite estar al corriente del pago, cancele esa deuda, o bien, tramite el descuento correspondiente\u00bb.<\/p>\n\n\n\n<p>Con base en lo anterior, Patricia Olamendi mencion\u00f3 que conf\u00eda en que la Corte tomar\u00e1 una decisi\u00f3n similar a lo sucedido en Hidalgo. \u00abHasta donde sabemos, la decisi\u00f3n est\u00e1 en manos del ministro Alberto P\u00e9rez Day\u00e1n y se pondr\u00e1 en discusi\u00f3n cuando est\u00e9 en la Segunda Sala que preside la ministra Yasm\u00edn Esquivel Mossa (quien particip\u00f3 en la sesi\u00f3n v\u00eda remota)\u00bb, dijo en rueda de prensa realizada ayer lunes en el Edificio Central de la UADY.<\/p>\n\n\n\n<p>La doctora en derecho afirm\u00f3 que \u00ablas mujeres no quieren nunca m\u00e1s candidatos violadores, agresores o deudores de pensi\u00f3n como tampoco los quieren de funcionarios p\u00fablicos. Ya es tiempo de la \u00e9tica en la pol\u00edtica. Yo dir\u00eda que tambi\u00e9n en la decencia que no hace falta mucho\u00bb.<\/p>\n\n\n\n<p>Por su parte, Yndira Sandoval S\u00e1nchez, defensora de los derechos de las mujeres, afirm\u00f3 lo siguiente: \u00abPara una democracia se consolide, no s\u00f3lo &nbsp;requiere de la representaci\u00f3n pol\u00edtica de las mujeres si no de ning\u00fan agresor en la toma de decisiones. Para que la paridad sea real, requerimos a mujeres en el poder con poder tomando decisiones\u00bb.<\/p>\n\n\n\n<p>En el caso de la 3 de 3 a nivel nacional, la iniciativa ya se present\u00f3 en 23 Congresos Locales, de los cuales nueve ya la legislaron y aprobaron. \u00abYucat\u00e1n destaca con la m\u00e1xima referencia en cuanto a la vanguardia que implica este tema\u00bb, se\u00f1al\u00f3.<\/p>\n\n\n\n<p>En el caso de Sonora, es la primera iniciativa ciudadana que fue respaldada por 21 mil firmas que recabaron mujeres y universitarias. \u00abHace 20 a\u00f1os, se aprob\u00f3 una ley de participaci\u00f3n ciudadana, pero nunca nadie hab\u00eda llevado al Congreso una iniciativa\u00bb, precis\u00f3.<\/p>\n\n\n\n<figure class=\"wp-block-image size-large\"><img loading=\"lazy\" width=\"1024\" height=\"681\" src=\"https:\/\/visionpeninsular.com\/mid\/wp-content\/uploads\/2022\/10\/WhatsApp-Image-2022-10-17-at-3.43.13-PM-1024x681.jpeg\" alt=\"\" class=\"wp-image-161368\" srcset=\"https:\/\/visionpeninsular.com\/mid\/wp-content\/uploads\/2022\/10\/WhatsApp-Image-2022-10-17-at-3.43.13-PM-1024x681.jpeg 1024w, https:\/\/visionpeninsular.com\/mid\/wp-content\/uploads\/2022\/10\/WhatsApp-Image-2022-10-17-at-3.43.13-PM-300x199.jpeg 300w, https:\/\/visionpeninsular.com\/mid\/wp-content\/uploads\/2022\/10\/WhatsApp-Image-2022-10-17-at-3.43.13-PM-768x511.jpeg 768w, https:\/\/visionpeninsular.com\/mid\/wp-content\/uploads\/2022\/10\/WhatsApp-Image-2022-10-17-at-3.43.13-PM-310x205.jpeg 310w, https:\/\/visionpeninsular.com\/mid\/wp-content\/uploads\/2022\/10\/WhatsApp-Image-2022-10-17-at-3.43.13-PM.jpeg 1280w\" sizes=\"(max-width: 1024px) 100vw, 1024px\" \/><figcaption>En el orden habitual: Mar\u00eda Eugenia N\u00fa\u00f1ez Zapata, coordinadora de la Agenda de Mujeres por la Igualdad Sustantiva en Yucat\u00e1n (AMISY); la doctora Patricia Olamendi Torres, fundadora de la fuerza pol\u00edtica Todas MX; Yndira Sandoval S\u00e1nchez, quien hizo la se\u00f1al de la 3 de 3, y Celia Rosado Avil\u00e9s, secretaria general de la UADY (CR\u00c9DITO: Cortes\u00eda)<\/figcaption><\/figure>\n<div class='share-to-whatsapp-wrapper'><div class='share-on-whsp'>Share on: <\/div><a data-text='SCJN validar\u00e1 la constitucionalidad de la Ley 3 de 3 de Yucat\u00e1n: Todas MX' data-link='https:\/\/visionpeninsular.com\/mid\/scjn-validara-la-constitucionalidad-de-la-ley-3-de-3-de-yucatan-todas-mx\/' class='whatsapp-button whatsapp-share'>WhatsApp<\/a><div class='clear '><\/div><\/div>","protected":false},"excerpt":{"rendered":"<p>\u2022 \u00abLas mujeres no quieren nunca m\u00e1s candidatos violadores, agresores o deudores de pensi\u00f3n como tampoco los quieren de funcionarios p\u00fablicos\u00bb, afirm\u00f3 Patricia Olamendi Torres M\u00e9rida, Yucat\u00e1n, a 17 de octubre de 2022.\u2013 La fundadora de la fuerza pol\u00edtica Todas MX, Patricia Olamendi Torres, extern\u00f3 p\u00fablicamente en que la Suprema Corte de Justicia de la &hellip;<\/p>\n","protected":false},"author":11,"featured_media":161368,"comment_status":"open","ping_status":"open","sticky":false,"template":"","format":"standard","meta":{"_mi_skip_tracking":false},"categories":[49,37],"tags":[33431,12920,1342,31043,30481,875,33430,33432,31602],"_links":{"self":[{"href":"https:\/\/visionpeninsular.com\/mid\/wp-json\/wp\/v2\/posts\/161366"}],"collection":[{"href":"https:\/\/visionpeninsular.com\/mid\/wp-json\/wp\/v2\/posts"}],"about":[{"href":"https:\/\/visionpeninsular.com\/mid\/wp-json\/wp\/v2\/types\/post"}],"author":[{"embeddable":true,"href":"https:\/\/visionpeninsular.com\/mid\/wp-json\/wp\/v2\/users\/11"}],"replies":[{"embeddable":true,"href":"https:\/\/visionpeninsular.com\/mid\/wp-json\/wp\/v2\/comments?post=161366"}],"version-history":[{"count":1,"href":"https:\/\/visionpeninsular.com\/mid\/wp-json\/wp\/v2\/posts\/161366\/revisions"}],"predecessor-version":[{"id":161369,"href":"https:\/\/visionpeninsular.com\/mid\/wp-json\/wp\/v2\/posts\/161366\/revisions\/161369"}],"wp:featuredmedia":[{"embeddable":true,"href":"https:\/\/visionpeninsular.com\/mid\/wp-json\/wp\/v2\/media\/161368"}],"wp:attachment":[{"href":"https:\/\/visionpeninsular.com\/mid\/wp-json\/wp\/v2\/media?parent=161366"}],"wp:term":[{"taxonomy":"category","embeddable":true,"href":"https:\/\/visionpeninsular.com\/mid\/wp-json\/wp\/v2\/categories?post=161366"},{"taxonomy":"post_tag","embeddable":true,"href":"https:\/\/visionpeninsular.com\/mid\/wp-json\/wp\/v2\/tags?post=161366"}],"curies":[{"name":"wp","href":"https:\/\/api.w.org\/{rel}","templated":true}]}}