{"id":161275,"date":"2022-10-15T10:38:39","date_gmt":"2022-10-15T15:38:39","guid":{"rendered":"https:\/\/visionpeninsular.com\/mid\/?p=161275"},"modified":"2022-10-15T10:38:41","modified_gmt":"2022-10-15T15:38:41","slug":"renovacion-en-el-comite-especializado-en-discapacidad-de-la-codhey","status":"publish","type":"post","link":"https:\/\/visionpeninsular.com\/mid\/renovacion-en-el-comite-especializado-en-discapacidad-de-la-codhey\/","title":{"rendered":"Renovaci\u00f3n en el Comit\u00e9 especializado en discapacidad de la CODHEY"},"content":{"rendered":"\n<p>M\u00e9rida, Yucat\u00e1n, 14 de octubre de 2022.- La Comisi\u00f3n de Derechos Humanos del Estado de Yucat\u00e1n refrend\u00f3 su compromiso en la protecci\u00f3n y promoci\u00f3n de los derechos humanos de las personas con discapacidad, de la mano de especialistas, familias y personas con discapacidad quienes son los encargados de dirigir las acciones en el tema.<\/p>\n\n\n\n<p>Al rendir protesta el Comit\u00e9 T\u00e9cnico Consultivo del Mecanismo Estatal Independiente de Monitoreo de los Derechos de las Personas con Discapacidad (MIMCDPD) de la CODHEY, el Presidente, Miguel Oscar Sabido Santana destac\u00f3 la labor de las personas integrantes por su participaci\u00f3n activa y propositiva \u201cy juntos honramos el lema \u00a1Nada de Nosotros sin Nosotros!\u201d.<\/p>\n\n\n\n<p>En el auditorio de la Universidad Mesoamericana de San Agust\u00edn, Sabido Santana dio la bienvenida al Comit\u00e9 entrante y destac\u00f3 que la retribuci\u00f3n por el trabajo que realizar\u00e1n ser\u00e1 el reconocimiento de la sociedad y las personas con discapacidad en el seguimiento de sus derechos.<\/p>\n\n\n\n<p>Sabido Santana detall\u00f3 que las personas integrantes del Comit\u00e9 T\u00e9cnico Consultivo, son un cuerpo colegiado encargado de dirigir las acciones y pol\u00edticas p\u00fablicas de la CODHEY para la eficacia de los derechos de las personas con discapacidad.<\/p>\n\n\n\n<figure class=\"wp-block-image size-full\"><img loading=\"lazy\" width=\"768\" height=\"383\" src=\"https:\/\/visionpeninsular.com\/mid\/wp-content\/uploads\/2022\/10\/CODHEY_2-scaled-1.jpg\" alt=\"\" class=\"wp-image-161278\" srcset=\"https:\/\/visionpeninsular.com\/mid\/wp-content\/uploads\/2022\/10\/CODHEY_2-scaled-1.jpg 768w, https:\/\/visionpeninsular.com\/mid\/wp-content\/uploads\/2022\/10\/CODHEY_2-scaled-1-300x150.jpg 300w, https:\/\/visionpeninsular.com\/mid\/wp-content\/uploads\/2022\/10\/CODHEY_2-scaled-1-660x330.jpg 660w\" sizes=\"(max-width: 768px) 100vw, 768px\" \/><\/figure>\n\n\n\n<p>El Comit\u00e9 saliente, que funcion\u00f3 de 2017 a 2022, estuvo integrado por: Ver\u00f3nica Edith Rosas Ortega de Paso a Pasito IAP; Janeth P\u00f3lito Garc\u00eda, de la Asociaci\u00f3n Mexicana para la Comunicaci\u00f3n y Superaci\u00f3n de las Personas con Discapacidad Auditiva (AME Comunicaciones); Jenny Niceldy Dzib Gamboa, de la Asociaci\u00f3n Yucateca del Deporte para Ciegos y D\u00e9biles Visuales; Juan Carlos Santana Estrada, de la Fundaci\u00f3n Elda Peniche Larrea; V\u00edctor Manuel Medina Dzib, de la Asociaci\u00f3n Yucateca de Deportes sobre Silla de Ruedas; Dulce Caballero Encalada de la Asociaci\u00f3n de Padres de Familia Pro Deficiente Mental (AYPADEM); y Mar\u00eda Luisa Pard\u00f3 Cu\u00e9, de la Asociaci\u00f3n Mexicana de Esclerosis Tuberosa.<\/p>\n\n\n\n<p>El Comit\u00e9 entrante, del periodo 2022-2025, est\u00e1 integrado por Guadalupe Zimbr\u00f3n P\u00e9rez, representante de la discapacidad intelectual; Rosa Marlene Cahun May, representante discapacidad motriz; Mar\u00eda Naicy del Socorro N\u00e1jera Sol\u00eds, representante de la discapacidad auditiva; Dr. Arsenio Rosado Franco, representante de la discapacidad psicosocial; Juan de la Cruz Canch\u00e9 V\u00e1rguez, representante de la discapacidad visual; y repiten como expertos Janeth P\u00f3lito Garc\u00eda, Ver\u00f3nica Rosas Ortega, Dulce Caballero Encalada y Juan Carlos Santana Estrada.<\/p>\n\n\n\n<p>Entre las acciones realizadas por el Comit\u00e9 saliente destacan: la Directrices para la Atenci\u00f3n de Quejas por Violaciones a los Derechos Humanos de las Personas con Discapacidad; la Estrategia Integral para el Fortalecimiento de los Derechos Humanos de las Personas con Discapacidad; en coordinaci\u00f3n con las comisiones de derechos humanos Nacional y de&nbsp; Veracruz, se realiz\u00f3 el primer Diplomado Especializado en el Desarrollo de Estrategias de Protecci\u00f3n, Promoci\u00f3n y Supervisi\u00f3n de los Derechos de las Personas con Discapacidad; y de manera conjunta con la CNDH, se han elaborado las cartillas: \u201cEmpresas y Derecho a la Inclusi\u00f3n Laboral de Personas con Discapacidad\u201d y \u201cDerecho al Trabajo Decente de las Personas con Discapacidad\u201d.<\/p>\n\n\n\n<p>Se ha impulsado en colaboraci\u00f3n con la CNDH, una recomendaci\u00f3n general a nivel nacional en dicha tem\u00e1tica y la participaci\u00f3n en Mesas de Di\u00e1logo para el mismo fin, en los rubros de accesibilidad en el entorno f\u00edsico, transporte y en las tecnolog\u00edas de informaci\u00f3n y comunicaci\u00f3n.<\/p>\n\n\n\n<p>De manera conjunta, se han emitido posicionamientos al poder legislativo, analizado normas municipales, as\u00ed como la elaboraci\u00f3n del diagn\u00f3stico anual de la CODHEY, en el apartado de discapacidad.<\/p>\n\n\n\n<p>Al evento, asisti\u00f3 la Diputada, Rub\u00ed Argelia Be Chan; la Directora del Instituto para la Inclusi\u00f3n de las Personas con Discapacidad de Yucat\u00e1n, Mar\u00eda Teresa V\u00e1zquez Baqueiro; el Regidor del Ayuntamiento de M\u00e9rida, Rafael Rodr\u00edguez M\u00e9ndez; el Director del Centro para Prevenir y Eliminar la Discriminaci\u00f3n en el Estado de Yucat\u00e1n, Roger Israel Romero Ojeda; el Secretario General de la UMSA, Herminio Jos\u00e9 Pi\u00f1a Valladares; entre otras autoridades.<\/p>\n<div class='share-to-whatsapp-wrapper'><div class='share-on-whsp'>Share on: <\/div><a data-text='Renovaci\u00f3n en el Comit\u00e9 especializado en discapacidad de la CODHEY' data-link='https:\/\/visionpeninsular.com\/mid\/renovacion-en-el-comite-especializado-en-discapacidad-de-la-codhey\/' class='whatsapp-button whatsapp-share'>WhatsApp<\/a><div class='clear '><\/div><\/div>","protected":false},"excerpt":{"rendered":"<p>M\u00e9rida, Yucat\u00e1n, 14 de octubre de 2022.- La Comisi\u00f3n de Derechos Humanos del Estado de Yucat\u00e1n refrend\u00f3 su compromiso en la protecci\u00f3n y promoci\u00f3n de los derechos humanos de las personas con discapacidad, de la mano de especialistas, familias y personas con discapacidad quienes son los encargados de dirigir las acciones en el tema. Al &hellip;<\/p>\n","protected":false},"author":5,"featured_media":161277,"comment_status":"open","ping_status":"open","sticky":false,"template":"","format":"standard","meta":{"_mi_skip_tracking":false},"categories":[49,37],"tags":[468,33415],"_links":{"self":[{"href":"https:\/\/visionpeninsular.com\/mid\/wp-json\/wp\/v2\/posts\/161275"}],"collection":[{"href":"https:\/\/visionpeninsular.com\/mid\/wp-json\/wp\/v2\/posts"}],"about":[{"href":"https:\/\/visionpeninsular.com\/mid\/wp-json\/wp\/v2\/types\/post"}],"author":[{"embeddable":true,"href":"https:\/\/visionpeninsular.com\/mid\/wp-json\/wp\/v2\/users\/5"}],"replies":[{"embeddable":true,"href":"https:\/\/visionpeninsular.com\/mid\/wp-json\/wp\/v2\/comments?post=161275"}],"version-history":[{"count":1,"href":"https:\/\/visionpeninsular.com\/mid\/wp-json\/wp\/v2\/posts\/161275\/revisions"}],"predecessor-version":[{"id":161279,"href":"https:\/\/visionpeninsular.com\/mid\/wp-json\/wp\/v2\/posts\/161275\/revisions\/161279"}],"wp:featuredmedia":[{"embeddable":true,"href":"https:\/\/visionpeninsular.com\/mid\/wp-json\/wp\/v2\/media\/161277"}],"wp:attachment":[{"href":"https:\/\/visionpeninsular.com\/mid\/wp-json\/wp\/v2\/media?parent=161275"}],"wp:term":[{"taxonomy":"category","embeddable":true,"href":"https:\/\/visionpeninsular.com\/mid\/wp-json\/wp\/v2\/categories?post=161275"},{"taxonomy":"post_tag","embeddable":true,"href":"https:\/\/visionpeninsular.com\/mid\/wp-json\/wp\/v2\/tags?post=161275"}],"curies":[{"name":"wp","href":"https:\/\/api.w.org\/{rel}","templated":true}]}}