{"id":161130,"date":"2022-10-12T10:57:33","date_gmt":"2022-10-12T15:57:33","guid":{"rendered":"https:\/\/visionpeninsular.com\/mid\/?p=161130"},"modified":"2022-10-12T10:57:37","modified_gmt":"2022-10-12T15:57:37","slug":"el-gobernador-mauricio-vila-dosal-reconoce-compromiso-y-lealtad-de-policias-al-servicio-del-estado","status":"publish","type":"post","link":"https:\/\/visionpeninsular.com\/mid\/el-gobernador-mauricio-vila-dosal-reconoce-compromiso-y-lealtad-de-policias-al-servicio-del-estado\/","title":{"rendered":"El Gobernador Mauricio Vila Dosal reconoce compromiso y lealtad de polic\u00edas al servicio del estado"},"content":{"rendered":"\n<ul><li><strong><em>Vila Dosal distingui\u00f3 como Polic\u00eda del Mes a Ismael Abraham Herrera, elemento de la SSP desde hace 13 a\u00f1os.<\/em><\/strong><\/li><\/ul>\n\n\n\n<p>M\u00e9rida, Yucat\u00e1n, 11 de octubre de 2022.- Por su compromiso, lealtad, valent\u00eda y destacado desempe\u00f1o laboral al servicio de la poblaci\u00f3n yucateca, el Gobernador Mauricio Vila Dosal entreg\u00f3 el reconocimiento de Polic\u00eda del Mes a Ismael Abraham Herrera, agente primero con 13 a\u00f1os de antig\u00fcedad en la Secretar\u00eda de Seguridad P\u00fablica (SSP).<\/p>\n\n\n\n<p>Durante ceremonia efectuada en el Sal\u00f3n de los Retratos de Palacio de Gobierno, Vila Dosal otorg\u00f3 el distintivo y un est\u00edmulo econ\u00f3mico al elemento que, el pasado 3 de septiembre, asisti\u00f3 con las maniobras pertinentes a una mujer en labor de parto, en el fraccionamiento Villas de Um\u00e1n, lo cual result\u00f3 en el nacimiento de su beb\u00e9 que, posteriormente, recibi\u00f3 atenci\u00f3n m\u00e9dica de urgencia, junto con la madre.<\/p>\n\n\n\n<figure class=\"wp-block-image size-full\"><img loading=\"lazy\" width=\"400\" height=\"321\" src=\"https:\/\/visionpeninsular.com\/mid\/wp-content\/uploads\/2022\/10\/policia-del-mes-2.jpg\" alt=\"\" class=\"wp-image-161133\" srcset=\"https:\/\/visionpeninsular.com\/mid\/wp-content\/uploads\/2022\/10\/policia-del-mes-2.jpg 400w, https:\/\/visionpeninsular.com\/mid\/wp-content\/uploads\/2022\/10\/policia-del-mes-2-300x241.jpg 300w\" sizes=\"(max-width: 400px) 100vw, 400px\" \/><\/figure>\n\n\n\n<p>Junto con la titular de la Secretar\u00eda General de Gobierno (SGG), Mar\u00eda Fritz Sierra, el Gobernador destac\u00f3 el trabajo que, a diario, realizan los agentes de la SSP, para salvaguardar el clima de paz y tranquilidad que impera en la entidad, por lo que su administraci\u00f3n continuar\u00e1 impulsando esfuerzos enfocados en fortalecer sus condiciones laborales.<\/p>\n\n\n\n<p>Actualmente adscrito a la Zona de Maxcan\u00fa, Abraham Herrera, tambi\u00e9n licenciado en Derecho, agradeci\u00f3 el apoyo de Vila Dosal, quien siempre se ha preocupado por mejorar la situaci\u00f3n de los elementos de seguridad y sus familias, por lo que, a cambio, ellos reiteran su compromiso con seguir dando lo mejor de s\u00ed mismos, por el bien de la poblaci\u00f3n.<\/p>\n\n\n\n<p>\u201cEs un apoyo m\u00e1s, realmente, porque ya nos ha ayudado con el Infonavit y becas para nuestros hijos, y esto es un est\u00edmulo que nos da m\u00e1s \u00e1nimos para seguir trabajando en favor de la ciudadan\u00eda. A mis compa\u00f1eros les digo que sigan el ejemplo y sigan trabajando duro, siempre regidos bajos los principios de la Secretar\u00eda\u201d, expres\u00f3, ante su esposa Arely Alonzo Chan y su hijo Evan Ismael Herrera Bustillos.<\/p>\n\n\n\n<figure class=\"wp-block-image size-full\"><img loading=\"lazy\" width=\"500\" height=\"327\" src=\"https:\/\/visionpeninsular.com\/mid\/wp-content\/uploads\/2022\/10\/policia-del-mes-3.jpg\" alt=\"\" class=\"wp-image-161134\" srcset=\"https:\/\/visionpeninsular.com\/mid\/wp-content\/uploads\/2022\/10\/policia-del-mes-3.jpg 500w, https:\/\/visionpeninsular.com\/mid\/wp-content\/uploads\/2022\/10\/policia-del-mes-3-300x196.jpg 300w\" sizes=\"(max-width: 500px) 100vw, 500px\" \/><\/figure>\n\n\n\n<p>Por su parte, el titular de la SSP, Luis Felipe Said\u00e9n Ojeda, record\u00f3 que estas acciones refrendan el compromiso de la corporaci\u00f3n, con continuar laborando por el bienestar del territorio y sus habitantes, y narr\u00f3 que el est\u00edmulo es para reconocer al polic\u00eda primero, que recibi\u00f3 el reporte sobre la referida mujer, del Centro de Control, Comando, Comunicaciones, C\u00f3mputo, Coordinaci\u00f3n e Inteligencia (C5i).<\/p>\n\n\n\n<p>Fue as\u00ed como, en lo que llegaban los param\u00e9dicos, el Centro Integral de Seguridad P\u00fablica (CISP) de Maxcan\u00fa tuvo conocimiento del hecho; al llegar al domicilio, Abraham Herrera y Josu\u00e9 Moo Huch\u00edn constaron que la joven se encontraba en labor de parto y, de inmediato, la auxiliaron con la finalidad de proteger su vida y la del beb\u00e9, en lo cual tuvieron \u00e9xito.<\/p>\n<div class='share-to-whatsapp-wrapper'><div class='share-on-whsp'>Share on: <\/div><a data-text='El Gobernador Mauricio Vila Dosal reconoce compromiso y lealtad de polic\u00edas al servicio del estado' data-link='https:\/\/visionpeninsular.com\/mid\/el-gobernador-mauricio-vila-dosal-reconoce-compromiso-y-lealtad-de-policias-al-servicio-del-estado\/' class='whatsapp-button whatsapp-share'>WhatsApp<\/a><div class='clear '><\/div><\/div>","protected":false},"excerpt":{"rendered":"<p>Vila Dosal distingui\u00f3 como Polic\u00eda del Mes a Ismael Abraham Herrera, elemento de la SSP desde hace 13 a\u00f1os. M\u00e9rida, Yucat\u00e1n, 11 de octubre de 2022.- Por su compromiso, lealtad, valent\u00eda y destacado desempe\u00f1o laboral al servicio de la poblaci\u00f3n yucateca, el Gobernador Mauricio Vila Dosal entreg\u00f3 el reconocimiento de Polic\u00eda del Mes a Ismael &hellip;<\/p>\n","protected":false},"author":5,"featured_media":161132,"comment_status":"open","ping_status":"open","sticky":false,"template":"","format":"standard","meta":{"_mi_skip_tracking":false},"categories":[49,37],"tags":[185,3861,33368,33367,752],"_links":{"self":[{"href":"https:\/\/visionpeninsular.com\/mid\/wp-json\/wp\/v2\/posts\/161130"}],"collection":[{"href":"https:\/\/visionpeninsular.com\/mid\/wp-json\/wp\/v2\/posts"}],"about":[{"href":"https:\/\/visionpeninsular.com\/mid\/wp-json\/wp\/v2\/types\/post"}],"author":[{"embeddable":true,"href":"https:\/\/visionpeninsular.com\/mid\/wp-json\/wp\/v2\/users\/5"}],"replies":[{"embeddable":true,"href":"https:\/\/visionpeninsular.com\/mid\/wp-json\/wp\/v2\/comments?post=161130"}],"version-history":[{"count":1,"href":"https:\/\/visionpeninsular.com\/mid\/wp-json\/wp\/v2\/posts\/161130\/revisions"}],"predecessor-version":[{"id":161135,"href":"https:\/\/visionpeninsular.com\/mid\/wp-json\/wp\/v2\/posts\/161130\/revisions\/161135"}],"wp:featuredmedia":[{"embeddable":true,"href":"https:\/\/visionpeninsular.com\/mid\/wp-json\/wp\/v2\/media\/161132"}],"wp:attachment":[{"href":"https:\/\/visionpeninsular.com\/mid\/wp-json\/wp\/v2\/media?parent=161130"}],"wp:term":[{"taxonomy":"category","embeddable":true,"href":"https:\/\/visionpeninsular.com\/mid\/wp-json\/wp\/v2\/categories?post=161130"},{"taxonomy":"post_tag","embeddable":true,"href":"https:\/\/visionpeninsular.com\/mid\/wp-json\/wp\/v2\/tags?post=161130"}],"curies":[{"name":"wp","href":"https:\/\/api.w.org\/{rel}","templated":true}]}}