{"id":160669,"date":"2022-10-01T10:43:36","date_gmt":"2022-10-01T15:43:36","guid":{"rendered":"https:\/\/visionpeninsular.com\/mid\/?p=160669"},"modified":"2022-10-01T10:43:42","modified_gmt":"2022-10-01T15:43:42","slug":"inaugura-mauricio-vila-dosal-el-museo-del-meteorito-el-origen-de-la-nueva-vida","status":"publish","type":"post","link":"https:\/\/visionpeninsular.com\/mid\/inaugura-mauricio-vila-dosal-el-museo-del-meteorito-el-origen-de-la-nueva-vida\/","title":{"rendered":"Inaugura Mauricio Vila Dosal el Museo del Meteorito \u201cEl origen de la nueva vida\u201d"},"content":{"rendered":"\n<ul><li><strong><em>Acompa\u00f1ado de autoridades municipales y federales, Vila Dosal realiz\u00f3 el corte de list\u00f3n inaugural de este nuevo espacio que ofrece una experiencia \u00fanica para dar a conocer la historia del origen de la nueva vida a partir del impacto del meteorito.<\/em><\/strong><\/li><\/ul>\n\n\n\n<p>Progreso, Yucat\u00e1n, 30 de septiembre de 2022.- Progreso se consolida como un gran destino tur\u00edstico de Yucat\u00e1n gracias al impulso del Gobernador Mauricio Vila Dosal para transformar este municipio al inaugurar esta tarde el Museo del Meteorito \u201cEl origen de la nueva vida\u201d, nuevo atractivo tur\u00edstico que se suma al cat\u00e1logo que ofrece este puerto para atraer a m\u00e1s visitantes y beneficiar la econom\u00eda local, resultado del trabajo coordinado con los gobiernos federal y municipal.<\/p>\n\n\n\n<figure class=\"wp-block-image size-full\"><img loading=\"lazy\" width=\"500\" height=\"344\" src=\"https:\/\/visionpeninsular.com\/mid\/wp-content\/uploads\/2022\/10\/museo-2.jpg\" alt=\"\" class=\"wp-image-160673\" srcset=\"https:\/\/visionpeninsular.com\/mid\/wp-content\/uploads\/2022\/10\/museo-2.jpg 500w, https:\/\/visionpeninsular.com\/mid\/wp-content\/uploads\/2022\/10\/museo-2-300x206.jpg 300w, https:\/\/visionpeninsular.com\/mid\/wp-content\/uploads\/2022\/10\/museo-2-110x75.jpg 110w\" sizes=\"(max-width: 500px) 100vw, 500px\" \/><\/figure>\n\n\n\n<p>Desde el Malec\u00f3n de Progreso, donde se encuentra ubicado el Museo del Meteorito, Vila Dosal, el Alcalde de Progreso, Juli\u00e1n Zacar\u00edas Curi y el encargado del Despacho de la Oficina de Representaci\u00f3n en Yucat\u00e1n de la Secretar\u00eda de Desarrollo Agrario, Territorial y Urbano (SEDATU), Javier Flores Soria, realizaron el corte de list\u00f3n inaugural de este nuevo espacio recreativo que da a conocer a sus visitantes la historia del origen de la vida desde el impacto del meteorito desde hace 66 millones de a\u00f1os.<\/p>\n\n\n\n<p>Cabe mencionar que, como resultado de las gestiones y coordinaci\u00f3n de Vila Dosal con la Federaci\u00f3n, el Gobierno del Estado fue el encargado de la museograf\u00eda y la instalaci\u00f3n de este nuevo atractivo.<\/p>\n\n\n\n<figure class=\"wp-block-image size-full\"><img loading=\"lazy\" width=\"400\" height=\"335\" src=\"https:\/\/visionpeninsular.com\/mid\/wp-content\/uploads\/2022\/10\/museo-1.jpg\" alt=\"\" class=\"wp-image-160671\" srcset=\"https:\/\/visionpeninsular.com\/mid\/wp-content\/uploads\/2022\/10\/museo-1.jpg 400w, https:\/\/visionpeninsular.com\/mid\/wp-content\/uploads\/2022\/10\/museo-1-300x251.jpg 300w\" sizes=\"(max-width: 400px) 100vw, 400px\" \/><\/figure>\n\n\n\n<p>El encargado del Despacho de la Oficina de Representaci\u00f3n en Yucat\u00e1n de la Secretar\u00eda de Desarrollo Agrario, Territorial y Urbano (SEDATU), Javier Flores Soria, explic\u00f3 que el Museo del Meteorito es parte de un conjunto de obras que representaron para Progreso la inversi\u00f3n de alrededor de 200 millones de pesos, producto del trabajo coordinado.<\/p>\n\n\n\n<p>\u201cAgradezco, Gobernador, por todo el empe\u00f1o, inversi\u00f3n y trabajo puesto para que el museo cuente con una gran museograf\u00eda y recordar que el 75% de este inmueble es espacio p\u00fablico, por lo que pido que lo hagan suyo, que lo mantengan, lo cuiden, respeten y comp\u00e1rtanlo para atraer a cada vez m\u00e1s visitantes\u201d, indic\u00f3 el funcionario federal ante el Comandante de la XIII Zona Naval, Vicealmirante Raymundo Pedro Morales \u00c1ngeles y el director General de la Administraci\u00f3n del Sistema Portuario Nacional (ASIPONA), Almirante en Retiro Jorge Carlos Tobilla Rodr\u00edguez.<\/p>\n\n\n\n<figure class=\"wp-block-image size-full\"><img loading=\"lazy\" width=\"500\" height=\"344\" src=\"https:\/\/visionpeninsular.com\/mid\/wp-content\/uploads\/2022\/10\/museo-2.jpg\" alt=\"\" class=\"wp-image-160673\" srcset=\"https:\/\/visionpeninsular.com\/mid\/wp-content\/uploads\/2022\/10\/museo-2.jpg 500w, https:\/\/visionpeninsular.com\/mid\/wp-content\/uploads\/2022\/10\/museo-2-300x206.jpg 300w, https:\/\/visionpeninsular.com\/mid\/wp-content\/uploads\/2022\/10\/museo-2-110x75.jpg 110w\" sizes=\"(max-width: 500px) 100vw, 500px\" \/><\/figure>\n\n\n\n<p>Acerca de este proyecto, el cronista de la ciudad de Progreso, Pedro Juan Berm\u00fadez Sol\u00eds, asegur\u00f3 que Yucat\u00e1n siempre ha sido un referente a nivel nacional y ahora con el Museo del Meteorito tambi\u00e9n lo es a nivel internacional, por lo que resalt\u00f3 el trabajo del Gobernador no solo para impulsar obras sino, por su respaldo hacia las y los progrese\u00f1os en los tiempos m\u00e1s dif\u00edciles.<\/p>\n\n\n\n<p>\u201cRecuerdo que, Gobernador, usted estuvo cerca de los progrese\u00f1os cuando los fen\u00f3menos meteorol\u00f3gicos nos impactaron y ha llevado en alto el nombre de Yucat\u00e1n con proyectos como Fincantieri, el Hospital Naval y las mejoras en el Malec\u00f3n que, junto con el Museo, est\u00e1n beneficiando la econom\u00eda de las familias progrese\u00f1as\u201d, indic\u00f3.<\/p>\n\n\n\n<figure class=\"wp-block-image size-full\"><img loading=\"lazy\" width=\"500\" height=\"357\" src=\"https:\/\/visionpeninsular.com\/mid\/wp-content\/uploads\/2022\/10\/museo-4.jpg\" alt=\"\" class=\"wp-image-160674\" srcset=\"https:\/\/visionpeninsular.com\/mid\/wp-content\/uploads\/2022\/10\/museo-4.jpg 500w, https:\/\/visionpeninsular.com\/mid\/wp-content\/uploads\/2022\/10\/museo-4-300x214.jpg 300w\" sizes=\"(max-width: 500px) 100vw, 500px\" \/><\/figure>\n\n\n\n<p>Por su parte, el Alcalde de Progreso, Juli\u00e1n Zacar\u00edas Curi, reconoci\u00f3 el esfuerzo del Gobernador por impulsar la transformaci\u00f3n de Progreso \u201cque, hoy se nota para bien, por lo que, una vez m\u00e1s, Gobernador, decirle que estamos muy contentos, pues en equipo transformamos a Progreso para bien y la muestra de ese trabajo es esta obra que no es un museo m\u00e1s, sino el que nos contar\u00e1 todo lo que sucedido desde el impacto del meteorito y que hace \u00fanico a nuestro territorio al ser donde sucedi\u00f3\u201d, se\u00f1al\u00f3.<\/p>\n\n\n\n<p>Al dirigir su mensaje, el Gobernador record\u00f3 que en una de las primeras visitas del Presidente Andr\u00e9s Manuel L\u00f3pez Obrador a la entidad, le plante\u00f3 los proyectos para Progreso y de esta forma, la Federaci\u00f3n se sum\u00f3 a la transformaci\u00f3n de este puerto y, trabajando en equipo con los dem\u00e1s niveles de gobierno y la sociedad civil, 4 a\u00f1os despu\u00e9s, podemos decir que Progreso tiene otra cara completamente.<\/p>\n\n\n\n<figure class=\"wp-block-image size-full\"><img loading=\"lazy\" width=\"500\" height=\"360\" src=\"https:\/\/visionpeninsular.com\/mid\/wp-content\/uploads\/2022\/10\/museo-5.jpg\" alt=\"\" class=\"wp-image-160675\" srcset=\"https:\/\/visionpeninsular.com\/mid\/wp-content\/uploads\/2022\/10\/museo-5.jpg 500w, https:\/\/visionpeninsular.com\/mid\/wp-content\/uploads\/2022\/10\/museo-5-300x216.jpg 300w\" sizes=\"(max-width: 500px) 100vw, 500px\" \/><\/figure>\n\n\n\n<p>En el Museo del Meteorito tambi\u00e9n trabajamos en equipo ya que el Ayuntamiento don\u00f3 el terreno, la Sedatu construy\u00f3 el Museo y el Gobierno del Estado puso todos los recursos para realizar la museograf\u00eda de primer nivel.<\/p>\n\n\n\n<p>Pero eso no es lo \u00fanico que hemos hecho juntos, agreg\u00f3 Vila Dosal, Progreso es uno de los municipios donde m\u00e1s se ha invertido pues hemos dirigido cerca de 92 millones de pesos en diversas obras, se\u00f1al\u00f3 el Gobernador ante el representante de la Secretar\u00eda de Gobernaci\u00f3n en Yucat\u00e1n (Segob), Andr\u00e9s Peralta Rivera.<\/p>\n\n\n\n<p>Entre dichas obras se encuentran las 3 etapas del Malec\u00f3n, la remodelaci\u00f3n de la casa de la cultura, la repavimentaci\u00f3n de 30 kil\u00f3metros de calles, m\u00e1s de 20 millones de pesos invertidos en infraestructura para mejorar la red de agua potable, la creaci\u00f3n de la empresa municipal de recolecci\u00f3n de basura con un donativo de camiones, contenedores y bicicletas.<\/p>\n\n\n\n<p>Tambi\u00e9n, continu\u00f3 el Gobernador, logramos con trabajos de limpieza de sargazo la certificaci\u00f3n de las Playas del malec\u00f3n y malec\u00f3n internacional reconocidas con la Blue Flag, la remodelaci\u00f3n del malec\u00f3n, del parque y mercado de las comisar\u00edas de Chicxulub, Chelem y Chuburn\u00e1.<\/p>\n\n\n\n<p>En materia de seguridad estamos trabajando en el espejo de las c\u00e1maras de seguridad, con la Marina trabajamos los dragados de los puertos, la construcci\u00f3n del hospital naval y estamos trabajando en un proyecto muy importante para la ampliaci\u00f3n del puerto progreso, asegur\u00f3 acompa\u00f1ado de la titular de la Secretar\u00eda de Fomento Tur\u00edstico del Estado de Yucat\u00e1n (Sefotur), Michelle Fridman y el director General del Patronato de las Unidades Culturales y Tur\u00edsticas (Cultur), Mauricio D\u00edaz Montalvo.<\/p>\n\n\n\n<p>\u201cEsto es lo que pasa cuando hacemos a un lado las diferencias pol\u00edticas y nos ponemos a trabajar coordinadamente con la sociedad civil, hoy podemos darnos cuenta de lo que antes era Progreso y lo que hoy se hace. Vamos a seguir trabajando fuertemente juntos para lograr un mejor Progreso, un mejor estado y un mejor M\u00e9xico\u201d, concluy\u00f3 el Gobernador.<\/p>\n\n\n\n<p>Posteriormente, Vila Dosal realiz\u00f3 un recorrido por las 7 salas que componen al Museo del Meteorito donde se utiliza tecnolog\u00eda de realidad virtual y aumentada, con lo que los visitantes hacen un viaje por 14 mil millones de a\u00f1os de historia del planeta y su interacci\u00f3n con el universo, conociendo las 5 grandes extinciones, una de ellas con la llegada del Meteorito de Chicxulub a la Tierra y la gestaci\u00f3n de la nueva vida.<\/p>\n\n\n\n<p>Junto con las dem\u00e1s autoridades, Vila Dosal visit\u00f3 e interactu\u00f3 en las salas Big Bang, sala del meteorito, umbral del tiempo y espacio, caminando con dinosaurios, minuto cero, campamento paleontol\u00f3gico y laboratorio y zona dinos.<\/p>\n\n\n\n<p>En este espacio se ofrecen a las y las visitantes experiencias a trav\u00e9s de mappings, realidad aumentada, tabletas digitales para que visitantes dise\u00f1en su propio dinosaurio, dise\u00f1o sonoro en cada sala, as\u00ed como figuras con sonido y movimientos rob\u00f3ticos, a trav\u00e9s del uso de la tecnolog\u00eda, de especies de dinosaurios como tiranosaurios, espinosaurios, dilofosaurio, triceraptor y triceratops, cada uno con informaci\u00f3n acerca de sus caracter\u00edsticas.<\/p>\n\n\n\n<p>Uno de los mayores atractivos es que los visitantes podr\u00e1n interactuar con ejemplares originales de las rocas m\u00e1s antiguas de las que se tienen registro y evidencia f\u00f3sil de las 4 primeras extinciones del planeta, adem\u00e1s de explorar la vida del periodo cret\u00e1cico, que es el que cursaba cuando cay\u00f3 el meteorito en Chicxulub, Yucat\u00e1n.<\/p>\n\n\n\n<p>Como parte de los atractivos, en las jardineras p\u00fablicas del Museo, los asistentes podr\u00e1n encontrar mega esculturas de entre 8 y 9 metros de altura, entre las que se encuentran el monstruo de Aramberri o Pliosaurio, el Tiranosaurio Rex, Quetzalcoatlus Nortrophi, Mosasaurus (Reptil marino) y el dinosaurio parasaurolophus.<\/p>\n\n\n\n<p>El Museo cuenta con Anfiteatro, Cafeter\u00eda, Taquilla, Tienda de Souvernirs, Oficinas Cultur, Regaderas y ba\u00f1os, Oficinas del Ayuntamiento de Progreso y Sala de juntas.<\/p>\n\n\n\n<p>El Museo tiene un horario de 11 a 19 horas de lunes a domingo.<\/p>\n<div class='share-to-whatsapp-wrapper'><div class='share-on-whsp'>Share on: <\/div><a data-text='Inaugura Mauricio Vila Dosal el Museo del Meteorito \u201cEl origen de la nueva vida\u201d' data-link='https:\/\/visionpeninsular.com\/mid\/inaugura-mauricio-vila-dosal-el-museo-del-meteorito-el-origen-de-la-nueva-vida\/' class='whatsapp-button whatsapp-share'>WhatsApp<\/a><div class='clear '><\/div><\/div>","protected":false},"excerpt":{"rendered":"<p>Acompa\u00f1ado de autoridades municipales y federales, Vila Dosal realiz\u00f3 el corte de list\u00f3n inaugural de este nuevo espacio que ofrece una experiencia \u00fanica para dar a conocer la historia del origen de la nueva vida a partir del impacto del meteorito. Progreso, Yucat\u00e1n, 30 de septiembre de 2022.- Progreso se consolida como un gran destino &hellip;<\/p>\n","protected":false},"author":5,"featured_media":160672,"comment_status":"open","ping_status":"open","sticky":false,"template":"","format":"standard","meta":{"_mi_skip_tracking":false},"categories":[49,37],"tags":[2056,185,3861,32495,1407],"_links":{"self":[{"href":"https:\/\/visionpeninsular.com\/mid\/wp-json\/wp\/v2\/posts\/160669"}],"collection":[{"href":"https:\/\/visionpeninsular.com\/mid\/wp-json\/wp\/v2\/posts"}],"about":[{"href":"https:\/\/visionpeninsular.com\/mid\/wp-json\/wp\/v2\/types\/post"}],"author":[{"embeddable":true,"href":"https:\/\/visionpeninsular.com\/mid\/wp-json\/wp\/v2\/users\/5"}],"replies":[{"embeddable":true,"href":"https:\/\/visionpeninsular.com\/mid\/wp-json\/wp\/v2\/comments?post=160669"}],"version-history":[{"count":1,"href":"https:\/\/visionpeninsular.com\/mid\/wp-json\/wp\/v2\/posts\/160669\/revisions"}],"predecessor-version":[{"id":160676,"href":"https:\/\/visionpeninsular.com\/mid\/wp-json\/wp\/v2\/posts\/160669\/revisions\/160676"}],"wp:featuredmedia":[{"embeddable":true,"href":"https:\/\/visionpeninsular.com\/mid\/wp-json\/wp\/v2\/media\/160672"}],"wp:attachment":[{"href":"https:\/\/visionpeninsular.com\/mid\/wp-json\/wp\/v2\/media?parent=160669"}],"wp:term":[{"taxonomy":"category","embeddable":true,"href":"https:\/\/visionpeninsular.com\/mid\/wp-json\/wp\/v2\/categories?post=160669"},{"taxonomy":"post_tag","embeddable":true,"href":"https:\/\/visionpeninsular.com\/mid\/wp-json\/wp\/v2\/tags?post=160669"}],"curies":[{"name":"wp","href":"https:\/\/api.w.org\/{rel}","templated":true}]}}