{"id":160556,"date":"2022-09-28T20:54:16","date_gmt":"2022-09-29T01:54:16","guid":{"rendered":"https:\/\/visionpeninsular.com\/mid\/?p=160556"},"modified":"2022-09-28T20:54:21","modified_gmt":"2022-09-29T01:54:21","slug":"marchan-en-el-centro-de-merida-para-solocitar-la-despenalizacion-del-aborto","status":"publish","type":"post","link":"https:\/\/visionpeninsular.com\/mid\/marchan-en-el-centro-de-merida-para-solocitar-la-despenalizacion-del-aborto\/","title":{"rendered":"Marchan en el Centro de M\u00e9rida para solocitar la despenalizaci\u00f3n del aborto"},"content":{"rendered":"\n<h2 class=\"has-text-align-center\"><strong>\u2022Unas 300 mujeres exigen al Poder Legislativo el derecho a decidir sobre sus cuerpos sin que enfrenten consecuencias penales<\/strong><\/h2>\n\n\n\n<p>M\u00e9rida, Yucat\u00e1n, a 28 de septiembre de 2022.\u2013 Unas 300 mujeres tomaron las calles del Centro Hist\u00f3rico para manifestarse y solicitar al Poder Legislativo que en Yucat\u00e1n el Poder Legislativo les garantice el derecho a decidir, sin enfrentar consecuencias penales.<\/p>\n\n\n\n<p>Al igual que en otras 22 entidades de M\u00e9xico, en las que no se ha despenalizado el aborto, las colectivas feministas convocaron a esta marcha en el D\u00eda de Acci\u00f3n Global para un aborto legal (28S), seguro y gratuito.<\/p>\n\n\n\n<p>Tras una caminata que se inici\u00f3 en la Anti-monumenta, ubicada en el remate del paseo de Montejo, las mujeres se congregaron en la plaza grande donde lanzaron consignas, alzaron sus pancartas e incendiaron las letras de M\u00e9rida para visibilizar la lucha por un derecho sexual y reproductivo.<\/p>\n\n\n\n<p>En la ma\u00f1ana, afuera del Recinto Legislativo, la colectiva Mujeres Unidas por la Despenalizaci\u00f3n del Aborto en Yucat\u00e1n se manifestaron para exigirle a los legisladores que retomen la iniciativa que, el pasado 15 de diciembre de 2021, present\u00f3 la diputada morenista Alejandra Novelo Segura.<\/p>\n\n\n\n<p>\u00a0Entregaron un pliego petitorio, que recibieron las legisladoras morenistas Novelo Seguro y Rub\u00ed Argelia Be Chan, en el que solicitaron a la Junta de Gobierno y Coordinaci\u00f3n Pol\u00edtica que las puertas del Congreso del Estado se abran para que las colectivas feministas expongan sus argumentos de porque se debe despenalizar el aborto.<\/p>\n\n\n\n<div class=\"wp-block-image\"><figure class=\"aligncenter size-full\"><img loading=\"lazy\" width=\"720\" height=\"405\" src=\"https:\/\/visionpeninsular.com\/mid\/wp-content\/uploads\/2022\/09\/WhatsApp-Image-2022-09-28-at-8.16.31-PM.jpeg\" alt=\"\" class=\"wp-image-160558\" srcset=\"https:\/\/visionpeninsular.com\/mid\/wp-content\/uploads\/2022\/09\/WhatsApp-Image-2022-09-28-at-8.16.31-PM.jpeg 720w, https:\/\/visionpeninsular.com\/mid\/wp-content\/uploads\/2022\/09\/WhatsApp-Image-2022-09-28-at-8.16.31-PM-300x169.jpeg 300w\" sizes=\"(max-width: 720px) 100vw, 720px\" \/><figcaption>Colectivas feministas marcharon en calles del Centro Hist\u00f3rico en el marco del D\u00eda de Acci\u00f3n Global para un aborto legal, seguro y gratuito. La protesta termin\u00f3 en la plaza grande (CR\u00c9DITO: Cortes\u00eda)<\/figcaption><\/figure><\/div>\n<div class='share-to-whatsapp-wrapper'><div class='share-on-whsp'>Share on: <\/div><a data-text='Marchan en el Centro de M\u00e9rida para solocitar la despenalizaci\u00f3n del aborto' data-link='https:\/\/visionpeninsular.com\/mid\/marchan-en-el-centro-de-merida-para-solocitar-la-despenalizacion-del-aborto\/' class='whatsapp-button whatsapp-share'>WhatsApp<\/a><div class='clear '><\/div><\/div>","protected":false},"excerpt":{"rendered":"<p>\u2022Unas 300 mujeres exigen al Poder Legislativo el derecho a decidir sobre sus cuerpos sin que enfrenten consecuencias penales M\u00e9rida, Yucat\u00e1n, a 28 de septiembre de 2022.\u2013 Unas 300 mujeres tomaron las calles del Centro Hist\u00f3rico para manifestarse y solicitar al Poder Legislativo que en Yucat\u00e1n el Poder Legislativo les garantice el derecho a decidir, &hellip;<\/p>\n","protected":false},"author":11,"featured_media":160558,"comment_status":"open","ping_status":"open","sticky":false,"template":"","format":"standard","meta":{"_mi_skip_tracking":false},"categories":[49,37],"tags":[33205,8557,33204,33203,13607],"_links":{"self":[{"href":"https:\/\/visionpeninsular.com\/mid\/wp-json\/wp\/v2\/posts\/160556"}],"collection":[{"href":"https:\/\/visionpeninsular.com\/mid\/wp-json\/wp\/v2\/posts"}],"about":[{"href":"https:\/\/visionpeninsular.com\/mid\/wp-json\/wp\/v2\/types\/post"}],"author":[{"embeddable":true,"href":"https:\/\/visionpeninsular.com\/mid\/wp-json\/wp\/v2\/users\/11"}],"replies":[{"embeddable":true,"href":"https:\/\/visionpeninsular.com\/mid\/wp-json\/wp\/v2\/comments?post=160556"}],"version-history":[{"count":2,"href":"https:\/\/visionpeninsular.com\/mid\/wp-json\/wp\/v2\/posts\/160556\/revisions"}],"predecessor-version":[{"id":160560,"href":"https:\/\/visionpeninsular.com\/mid\/wp-json\/wp\/v2\/posts\/160556\/revisions\/160560"}],"wp:featuredmedia":[{"embeddable":true,"href":"https:\/\/visionpeninsular.com\/mid\/wp-json\/wp\/v2\/media\/160558"}],"wp:attachment":[{"href":"https:\/\/visionpeninsular.com\/mid\/wp-json\/wp\/v2\/media?parent=160556"}],"wp:term":[{"taxonomy":"category","embeddable":true,"href":"https:\/\/visionpeninsular.com\/mid\/wp-json\/wp\/v2\/categories?post=160556"},{"taxonomy":"post_tag","embeddable":true,"href":"https:\/\/visionpeninsular.com\/mid\/wp-json\/wp\/v2\/tags?post=160556"}],"curies":[{"name":"wp","href":"https:\/\/api.w.org\/{rel}","templated":true}]}}