{"id":15974,"date":"2016-11-04T06:37:35","date_gmt":"2016-11-04T12:37:35","guid":{"rendered":"http:\/\/visionpeninsular.com\/mid\/?p=15974"},"modified":"2016-11-04T06:58:08","modified_gmt":"2016-11-04T12:58:08","slug":"avanza-reforma-educativa-en-campeche","status":"publish","type":"post","link":"https:\/\/visionpeninsular.com\/mid\/avanza-reforma-educativa-en-campeche\/","title":{"rendered":"Reconoce SEP avance de Reforma Educativa en Campeche"},"content":{"rendered":"<p>Aurelio Nu\u00f1o Meyer titular de la Secretar\u00eda de Educaci\u00f3n P\u00fablica (SEP) Federal junto con el Gobernador de Campeche, Alejandro Moreno C\u00e1rdenas izaron la bandera blanca que reconoce que la Entidad ha cumplido en un 100% con la aplicaci\u00f3n de la Ley General del Servicio Profesional Docente (LGSPD), convirti\u00e9ndose junto con Colima en los \u00fanicos Estados del Pa\u00eds en haber cumplido por completo con esta iniciativa del Ejecutivo Federal. <\/p>\n<p>Y es que con este izamiento se reconoci\u00f3 la participaci\u00f3n docente en los procesos que conlleva la Reforma Educativa, desde la Evaluaci\u00f3n del Desempe\u00f1o Docente, el ingreso al sistema educativo en nivel b\u00e1sico y media superior, concursos de reconocimiento a los profesores, promoci\u00f3n en la funci\u00f3n y la evaluaci\u00f3n diagn\u00f3stica. <\/p>\n<p>Y es que en la Entidad, desde la Primera Evaluaci\u00f3n del Desempe\u00f1o Docente entre 2015-2016 un total de 970 profesores del nivel b\u00e1sico, fueron convocados por la Secretar\u00eda de Educaci\u00f3n de Campeche (SEDUC) para cumplir con el proceso de la Reforma, a la cual asistieron en total mil 69 maestros, es decir, que adem\u00e1s de los convocados otros 104 acudieron de forma voluntaria. <\/p>\n<p>Mientras que en el nivel medio superior fueron convocados 340 docentes, de los cuales 339 cumplieron con el proceso al subir evidencias y presentar el examen; siendo que hasta ahora solo 5 docentes del nivel b\u00e1sico y uno de medio superior son los que han sido suspendidos por no cumplir con el proceso de la LGSPD. <\/p>\n<div class='share-to-whatsapp-wrapper'><div class='share-on-whsp'>Share on: <\/div><a data-text='Reconoce SEP avance de Reforma Educativa en Campeche' data-link='https:\/\/visionpeninsular.com\/mid\/avanza-reforma-educativa-en-campeche\/' class='whatsapp-button whatsapp-share'>WhatsApp<\/a><div class='clear '><\/div><\/div>","protected":false},"excerpt":{"rendered":"<p>Aurelio Nu\u00f1o Meyer titular de la Secretar\u00eda de Educaci\u00f3n P\u00fablica (SEP) Federal junto con el Gobernador de Campeche, Alejandro Moreno C\u00e1rdenas izaron la bandera blanca que reconoce que la Entidad ha cumplido en un 100% con la aplicaci\u00f3n de la Ley General del Servicio Profesional Docente (LGSPD), convirti\u00e9ndose junto con Colima en los \u00fanicos Estados &hellip;<\/p>\n","protected":false},"author":1,"featured_media":15981,"comment_status":"open","ping_status":"open","sticky":false,"template":"","format":"standard","meta":{"_mi_skip_tracking":false},"categories":[45],"tags":[186,1527,317,183,1576],"_links":{"self":[{"href":"https:\/\/visionpeninsular.com\/mid\/wp-json\/wp\/v2\/posts\/15974"}],"collection":[{"href":"https:\/\/visionpeninsular.com\/mid\/wp-json\/wp\/v2\/posts"}],"about":[{"href":"https:\/\/visionpeninsular.com\/mid\/wp-json\/wp\/v2\/types\/post"}],"author":[{"embeddable":true,"href":"https:\/\/visionpeninsular.com\/mid\/wp-json\/wp\/v2\/users\/1"}],"replies":[{"embeddable":true,"href":"https:\/\/visionpeninsular.com\/mid\/wp-json\/wp\/v2\/comments?post=15974"}],"version-history":[{"count":1,"href":"https:\/\/visionpeninsular.com\/mid\/wp-json\/wp\/v2\/posts\/15974\/revisions"}],"predecessor-version":[{"id":15976,"href":"https:\/\/visionpeninsular.com\/mid\/wp-json\/wp\/v2\/posts\/15974\/revisions\/15976"}],"wp:featuredmedia":[{"embeddable":true,"href":"https:\/\/visionpeninsular.com\/mid\/wp-json\/wp\/v2\/media\/15981"}],"wp:attachment":[{"href":"https:\/\/visionpeninsular.com\/mid\/wp-json\/wp\/v2\/media?parent=15974"}],"wp:term":[{"taxonomy":"category","embeddable":true,"href":"https:\/\/visionpeninsular.com\/mid\/wp-json\/wp\/v2\/categories?post=15974"},{"taxonomy":"post_tag","embeddable":true,"href":"https:\/\/visionpeninsular.com\/mid\/wp-json\/wp\/v2\/tags?post=15974"}],"curies":[{"name":"wp","href":"https:\/\/api.w.org\/{rel}","templated":true}]}}