{"id":159426,"date":"2022-09-02T18:58:16","date_gmt":"2022-09-02T23:58:16","guid":{"rendered":"https:\/\/visionpeninsular.com\/mid\/?p=159426"},"modified":"2022-09-02T18:58:20","modified_gmt":"2022-09-02T23:58:20","slug":"nuevo-mapa-electoral-de-yucatan-se-conocera-en-diciembre-ine","status":"publish","type":"post","link":"https:\/\/visionpeninsular.com\/mid\/nuevo-mapa-electoral-de-yucatan-se-conocera-en-diciembre-ine\/","title":{"rendered":"Nuevo mapa electoral de Yucat\u00e1n se conocer\u00e1 en diciembre: INE"},"content":{"rendered":"\n<h2 class=\"has-text-align-center\">\u2022En promedio, cada demarcaci\u00f3n tendr\u00e1 un promedio de 110 mil 519 habitantes. Tras la \u00faltima reforma electoral aprobada en el Congreso del Estado, los distritos aumentaron de 15 a 21 demarcaciones<\/h2>\n\n\n\n<p>M\u00e9rida, Yucat\u00e1n, a 2 de septiembre de 2022.\u2013 Del 13 al 16 de diciembre, los ciudadanos y los partidos pol\u00edticos conocer\u00e1n el nuevo mapa electoral conformado por los 21 nuevos distritos electorales uninominales que determinar\u00e1n la integraci\u00f3n del Congreso Local para los procesos electorales 2024, 2027 y 2030, inform\u00f3 el director ejecutivo del Registro Federal de Electores del INE, Ren\u00e9 Miranda Jaimes.<\/p>\n\n\n\n<p>En rueda de prensa, el consejero electoral del INE Ciro Murayama Rend\u00f3n se\u00f1al\u00f3 que, a cada demarcaci\u00f3n, le tocar\u00e1 en promedio 110 mil 519 habitantes. \u00abY como el criterio es que ning\u00fan distrito se pueda alejar m\u00e1s, menos el 15% de la media, ning\u00fan distrito electoral local va a tener menos 93,941 habitantes ni m\u00e1s 127 mil 97 personas. Ese ser\u00e1 el rango de fluctuaci\u00f3n de los 21 nuevos distritos electorales\u00bb, explic\u00f3.<\/p>\n\n\n\n<p>De acuerdo con el Censo de Poblaci\u00f3n y Vivienda del Inegi 2020, en Yucat\u00e1n habitan dos millones 320 mil 898 personas.&nbsp; Debido a la \u00faltima reforma aprobada por el Poder Legislativo, los distritos locales aumentaron de 15 a 21 por lo que habr\u00e1 menos habitantes por demarcaci\u00f3n, record\u00f3.<\/p>\n\n\n\n<p>Los criterios de esta re-distritaci\u00f3n son: equilibrio poblacional, se debe conformar distritos ind\u00edgenas; que no haya fragmentaci\u00f3n de los municipios, es decir, que queden en la misma demarcaci\u00f3n excepto aquellas localidades con muchos habitantes que dan para varias demarcaciones como sucede con M\u00e9rida; continuidad geogr\u00e1fica y el menor tiempo de traslado para facilitar la organizaci\u00f3n electoral.<\/p>\n\n\n\n<p>Por su parte, el consejero presidente del Instituto Electoral y de Participaci\u00f3n Ciudadana (Iepac), Mois\u00e9s Bates Aguilar, precis\u00f3 que el nuevo mapa electoral ser\u00e1 consensuado por las fuerzas pol\u00edticas del Estado, as\u00ed como la difusi\u00f3n de las consultas con las comunidades ind\u00edgenas y afromexicanas.<\/p>\n\n\n\n<p>Miranda Jaimes mencion\u00f3 que el mi\u00e9rcoles 7 se presentar\u00e1 un primer escenario del mapa pol\u00edtico con los 21 nuevos distritos. El viernes 9 comienzan las mesas de trabajo para tomar las opiniones de las comunidades ind\u00edgenas y afromexicanas del Estado. Las sedes son en Valladolid, M\u00e9rida y Ticul.<\/p>\n\n\n\n<figure class=\"wp-block-image size-large\"><img loading=\"lazy\" width=\"1024\" height=\"608\" src=\"https:\/\/visionpeninsular.com\/mid\/wp-content\/uploads\/2022\/09\/WhatsApp-Image-2022-09-02-at-3.17.37-PM-1024x608.jpeg\" alt=\"\" class=\"wp-image-159428\" srcset=\"https:\/\/visionpeninsular.com\/mid\/wp-content\/uploads\/2022\/09\/WhatsApp-Image-2022-09-02-at-3.17.37-PM-1024x608.jpeg 1024w, https:\/\/visionpeninsular.com\/mid\/wp-content\/uploads\/2022\/09\/WhatsApp-Image-2022-09-02-at-3.17.37-PM-300x178.jpeg 300w, https:\/\/visionpeninsular.com\/mid\/wp-content\/uploads\/2022\/09\/WhatsApp-Image-2022-09-02-at-3.17.37-PM-768x456.jpeg 768w, https:\/\/visionpeninsular.com\/mid\/wp-content\/uploads\/2022\/09\/WhatsApp-Image-2022-09-02-at-3.17.37-PM.jpeg 1088w\" sizes=\"(max-width: 1024px) 100vw, 1024px\" \/><figcaption>Rueda de prensa sonbre la distritaci\u00f3n electoral. En el orden habitual: Luis Guillermo de San Denis Alvarado D\u00edaz, vocal ejecutivo de la Junta Local del INE en Yucat\u00e1n; Ciro Murayama Rend\u00f3n, consejero electoral del INE; Ren\u00e9 Miranda Jaime, director ejecutivo del Registro Federal de Electores del INE, y Mois\u00e9s Bates Aguilar, consejero presidente del IEPAC (CR\u00c9DITO: Visi\u00f3n Peninsular)<\/figcaption><\/figure>\n<div class='share-to-whatsapp-wrapper'><div class='share-on-whsp'>Share on: <\/div><a data-text='Nuevo mapa electoral de Yucat\u00e1n se conocer\u00e1 en diciembre: INE' data-link='https:\/\/visionpeninsular.com\/mid\/nuevo-mapa-electoral-de-yucatan-se-conocera-en-diciembre-ine\/' class='whatsapp-button whatsapp-share'>WhatsApp<\/a><div class='clear '><\/div><\/div>","protected":false},"excerpt":{"rendered":"<p>\u2022En promedio, cada demarcaci\u00f3n tendr\u00e1 un promedio de 110 mil 519 habitantes. Tras la \u00faltima reforma electoral aprobada en el Congreso del Estado, los distritos aumentaron de 15 a 21 demarcaciones M\u00e9rida, Yucat\u00e1n, a 2 de septiembre de 2022.\u2013 Del 13 al 16 de diciembre, los ciudadanos y los partidos pol\u00edticos conocer\u00e1n el nuevo mapa &hellip;<\/p>\n","protected":false},"author":11,"featured_media":159428,"comment_status":"open","ping_status":"open","sticky":false,"template":"","format":"standard","meta":{"_mi_skip_tracking":false},"categories":[37],"tags":[32600,31283,32598,13607,31068,32838,7272,449],"_links":{"self":[{"href":"https:\/\/visionpeninsular.com\/mid\/wp-json\/wp\/v2\/posts\/159426"}],"collection":[{"href":"https:\/\/visionpeninsular.com\/mid\/wp-json\/wp\/v2\/posts"}],"about":[{"href":"https:\/\/visionpeninsular.com\/mid\/wp-json\/wp\/v2\/types\/post"}],"author":[{"embeddable":true,"href":"https:\/\/visionpeninsular.com\/mid\/wp-json\/wp\/v2\/users\/11"}],"replies":[{"embeddable":true,"href":"https:\/\/visionpeninsular.com\/mid\/wp-json\/wp\/v2\/comments?post=159426"}],"version-history":[{"count":1,"href":"https:\/\/visionpeninsular.com\/mid\/wp-json\/wp\/v2\/posts\/159426\/revisions"}],"predecessor-version":[{"id":159429,"href":"https:\/\/visionpeninsular.com\/mid\/wp-json\/wp\/v2\/posts\/159426\/revisions\/159429"}],"wp:featuredmedia":[{"embeddable":true,"href":"https:\/\/visionpeninsular.com\/mid\/wp-json\/wp\/v2\/media\/159428"}],"wp:attachment":[{"href":"https:\/\/visionpeninsular.com\/mid\/wp-json\/wp\/v2\/media?parent=159426"}],"wp:term":[{"taxonomy":"category","embeddable":true,"href":"https:\/\/visionpeninsular.com\/mid\/wp-json\/wp\/v2\/categories?post=159426"},{"taxonomy":"post_tag","embeddable":true,"href":"https:\/\/visionpeninsular.com\/mid\/wp-json\/wp\/v2\/tags?post=159426"}],"curies":[{"name":"wp","href":"https:\/\/api.w.org\/{rel}","templated":true}]}}