{"id":159360,"date":"2022-09-01T12:40:42","date_gmt":"2022-09-01T17:40:42","guid":{"rendered":"https:\/\/visionpeninsular.com\/mid\/?p=159360"},"modified":"2022-09-01T12:40:43","modified_gmt":"2022-09-01T17:40:43","slug":"encuentro-culinario-tendra-como-protagonistas-las-delicias-del-monte","status":"publish","type":"post","link":"https:\/\/visionpeninsular.com\/mid\/encuentro-culinario-tendra-como-protagonistas-las-delicias-del-monte\/","title":{"rendered":"Encuentro culinario tendr\u00e1 como protagonistas \u00abLas Delicias del Monte\u00bb"},"content":{"rendered":"\n<p>M\u00e9rida, Yucat\u00e1n, 31 de agosto de 2022.- Con el prop\u00f3sito de divulgar la ciencia de las plantas de la regi\u00f3n y promover la conservaci\u00f3n de su uso en la gastronom\u00eda, el Centro de Investigaci\u00f3n Cient\u00edfica de Yucat\u00e1n A. C., realizar\u00e1 el VIII Encuentro Culinario \u201cLas delicias del Monte\u201d, una actividad que reunir\u00e1 a chefs, estudiantes de gastronom\u00eda y aficionados a la cocina para compartir sus creaciones culinarias.<\/p>\n\n\n\n<p>La coordinadora del VIII Encuentro Culinario y responsable de las colecciones y horticultura del Jard\u00edn Bot\u00e1nico Regional \u201cRoger Orellana\u201d, Lilia Emma Carrillo S\u00e1nchez, invit\u00f3 al p\u00fablico interesado en participar a registrarse en la convocatoria, que estar\u00e1 abierta hasta el 14 de septiembre de 2022 (https:\/\/bit.ly\/3pVbiIm ). Detall\u00f3 que existen tres categor\u00edas para participar: aficionados, estudiantes de gastronom\u00eda y chefs profesionales, presentando platillos en las diferentes secciones: sopa y ensalada, salsa y entrem\u00e9s, plato principal, y postre y bebida, utilizando como ingrediente principal \u201clas delicias del monte\u201d (lista de ingredientes).<\/p>\n\n\n\n<p>Por su parte la jefa operativa del Jard\u00edn Bot\u00e1nico del CICY, Clarisa Jim\u00e9nez Ba\u00f1uelos, indic\u00f3 que algunos de los ingredientes que podr\u00e1n emplearse en este Encuentro son: semillas de ram\u00f3n (Brosimum alicastrum), frutos de sack pak (Byrsonima bucidifolia), frutos de nance (Byrsonima crassifolia), frutos de chile max (Capsicum), entre otros. Asimismo, destac\u00f3 el papel que tiene el Jard\u00edn Bot\u00e1nico en la conservaci\u00f3n y difusi\u00f3n de las especies de plantas nativas y su uso.<\/p>\n\n\n\n<figure class=\"wp-block-image size-full\"><img loading=\"lazy\" width=\"768\" height=\"512\" src=\"https:\/\/visionpeninsular.com\/mid\/wp-content\/uploads\/2022\/09\/EC-CICY_3-scaled-1.jpg\" alt=\"\" class=\"wp-image-159363\" srcset=\"https:\/\/visionpeninsular.com\/mid\/wp-content\/uploads\/2022\/09\/EC-CICY_3-scaled-1.jpg 768w, https:\/\/visionpeninsular.com\/mid\/wp-content\/uploads\/2022\/09\/EC-CICY_3-scaled-1-300x200.jpg 300w\" sizes=\"(max-width: 768px) 100vw, 768px\" \/><\/figure>\n\n\n\n<p>Finalmente, la responsable t\u00e9cnica del proyecto \u201cEstablecimiento de un circuito etnobiol\u00f3gico en el Jard\u00edn Bot\u00e1nico Regional Roger Orellana\u201d e investigadora de la Unidad de Recursos Naturales,&nbsp; Azucena Canto Aguilar, dio a conocer que este Encuentro Culinario, se suma a otra serie de actividades que se han realizado a lo largo del a\u00f1o en diversas comunidades de Yucat\u00e1n, donde se busca conservar la riqueza natural y cultural de la regi\u00f3n a fin de impactar de forma positiva en el ambiente y en las comunidades.<\/p>\n\n\n\n<p>Adem\u00e1s de la muestra gastron\u00f3mica de las y los cocineros inscritos, el VIII Encuentro Culinario contar\u00e1 con actividades como charlas, demostraciones, visitas guiadas, entre otras, todas ellas relacionadas con el tema del Encuentro, para fomentar el conocimiento y el uso racional de los recursos vegetales de nuestra regi\u00f3n.<\/p>\n<div class='share-to-whatsapp-wrapper'><div class='share-on-whsp'>Share on: <\/div><a data-text='Encuentro culinario tendr\u00e1 como protagonistas \u00abLas Delicias del Monte\u00bb' data-link='https:\/\/visionpeninsular.com\/mid\/encuentro-culinario-tendra-como-protagonistas-las-delicias-del-monte\/' class='whatsapp-button whatsapp-share'>WhatsApp<\/a><div class='clear '><\/div><\/div>","protected":false},"excerpt":{"rendered":"<p>M\u00e9rida, Yucat\u00e1n, 31 de agosto de 2022.- Con el prop\u00f3sito de divulgar la ciencia de las plantas de la regi\u00f3n y promover la conservaci\u00f3n de su uso en la gastronom\u00eda, el Centro de Investigaci\u00f3n Cient\u00edfica de Yucat\u00e1n A. C., realizar\u00e1 el VIII Encuentro Culinario \u201cLas delicias del Monte\u201d, una actividad que reunir\u00e1 a chefs, estudiantes &hellip;<\/p>\n","protected":false},"author":5,"featured_media":159362,"comment_status":"open","ping_status":"open","sticky":false,"template":"","format":"standard","meta":{"_mi_skip_tracking":false},"categories":[50,37],"tags":[865,7886,32805],"_links":{"self":[{"href":"https:\/\/visionpeninsular.com\/mid\/wp-json\/wp\/v2\/posts\/159360"}],"collection":[{"href":"https:\/\/visionpeninsular.com\/mid\/wp-json\/wp\/v2\/posts"}],"about":[{"href":"https:\/\/visionpeninsular.com\/mid\/wp-json\/wp\/v2\/types\/post"}],"author":[{"embeddable":true,"href":"https:\/\/visionpeninsular.com\/mid\/wp-json\/wp\/v2\/users\/5"}],"replies":[{"embeddable":true,"href":"https:\/\/visionpeninsular.com\/mid\/wp-json\/wp\/v2\/comments?post=159360"}],"version-history":[{"count":1,"href":"https:\/\/visionpeninsular.com\/mid\/wp-json\/wp\/v2\/posts\/159360\/revisions"}],"predecessor-version":[{"id":159364,"href":"https:\/\/visionpeninsular.com\/mid\/wp-json\/wp\/v2\/posts\/159360\/revisions\/159364"}],"wp:featuredmedia":[{"embeddable":true,"href":"https:\/\/visionpeninsular.com\/mid\/wp-json\/wp\/v2\/media\/159362"}],"wp:attachment":[{"href":"https:\/\/visionpeninsular.com\/mid\/wp-json\/wp\/v2\/media?parent=159360"}],"wp:term":[{"taxonomy":"category","embeddable":true,"href":"https:\/\/visionpeninsular.com\/mid\/wp-json\/wp\/v2\/categories?post=159360"},{"taxonomy":"post_tag","embeddable":true,"href":"https:\/\/visionpeninsular.com\/mid\/wp-json\/wp\/v2\/tags?post=159360"}],"curies":[{"name":"wp","href":"https:\/\/api.w.org\/{rel}","templated":true}]}}